{"id":6022,"date":"2016-08-29T16:13:56","date_gmt":"2016-08-29T16:13:56","guid":{"rendered":""},"modified":"2016-08-29T16:13:56","modified_gmt":"2016-08-29T16:13:56","slug":"panama-ingresa-a-red-ambiental-a-nivel-mundial","status":"publish","type":"post","link":"https:\/\/sertv.gob.pa\/crisolfm\/panama-ingresa-a-red-ambiental-a-nivel-mundial\/","title":{"rendered":"Panam\u00e1 ingresa a red ambiental a nivel mundial"},"content":{"rendered":"<p>\nLa Ciudad de Panam\u00e1 ingres\u00f3 a la Uni\u00f3n Internacional para la Conservaci\u00f3n de la Naturaleza (UICN), la red ambiental m\u00e1s grande y antigua del mundo, con m\u00e1s de 1,200 miembros en 160 pa\u00edses entre Estados, agencias gubernamentales, instituciones multilaterales y organizaciones no gubernamentales. <\/p>\n<p>Adem\u00e1s cuenta con casi 11 mil expertos agrupados en comisiones que analizan la investigaci\u00f3n cient\u00edfica y desarrollan normas para las comunidades y la conservaci\u00f3n del ambiente. <\/p>\n<p>Ciudad de Panam\u00e1 fue aceptada como miembro de la organizaci\u00f3n la semana pasada, junto a otras urbes como la de Yucat\u00e1n de M\u00e9xico, siendo la primera ocasi\u00f3n en recibir ciudades. <\/p>\n<p>La direcci\u00f3n de Gesti\u00f3n Ambiental del Municipio de Panam\u00e1 ser\u00e1 ratificada en el Congreso Mundial de la Naturaleza de la UICN, del 1 al 10 de septiembre en Haw\u00e1i. <\/p>\n<p>Esta es una importante oportunidad para visibilizar nuestros esfuerzos ambientales, adem\u00e1s de generar espacios de alianzas y cooperaci\u00f3n a favor del medio ambiente. <\/p>\n<p>La direcci\u00f3n de Gesti\u00f3n Ambiental se cre\u00f3 en 2015. Actualmente se trabaja en el Plan de Arborizaci\u00f3n de la ciudad, adem\u00e1s de gestionar el programa Basura Cero y crear en 2015 la Comisi\u00f3n T\u00e9cnica Municipal Interinstitucional de Resiliencia, que eval\u00faa los riesgos de nuestra ciudad para as\u00ed poder brindar una respuesta que minimicen sus efectos. <\/p>\n<p>Tambi\u00e9n es la primera vez que el municipio cuenta con un departamento de Bienestar Animal. <\/p>\n<p>La UICN nace en 1948 como la primera organizaci\u00f3n medioambiental a nivel global. A su vez, esta organizaci\u00f3n mantiene un estatus de observador ante la Asamblea General de las Naciones Unidas (ONU). <\/p>\n<p>Espec\u00edficamente la UICN asesora a gobiernos nacionales y locales para la b\u00fasqueda de soluciones a problemas relacionados al medio ambiente y el desarrollo. <\/p>\n<p>\u00a0 <\/p>\n<p>\u00a0 <\/p>\n","protected":false},"excerpt":{"rendered":"<p>La Ciudad de Panam\u00e1 ingres\u00f3 a la Uni\u00f3n Internacional para <a href=\"https:\/\/sertv.gob.pa\/crisolfm\/panama-ingresa-a-red-ambiental-a-nivel-mundial\/\"> [&#8230;]<\/a><\/p>\n","protected":false},"author":1,"featured_media":6023,"comment_status":"closed","ping_status":"closed","sticky":false,"template":"","format":"standard","meta":{"footnotes":""},"categories":[7],"tags":[],"class_list":["post-6022","post","type-post","status-publish","format-standard","has-post-thumbnail","hentry","category-ecologicas"],"_links":{"self":[{"href":"https:\/\/sertv.gob.pa\/crisolfm\/wp-json\/wp\/v2\/posts\/6022","targetHints":{"allow":["GET"]}}],"collection":[{"href":"https:\/\/sertv.gob.pa\/crisolfm\/wp-json\/wp\/v2\/posts"}],"about":[{"href":"https:\/\/sertv.gob.pa\/crisolfm\/wp-json\/wp\/v2\/types\/post"}],"author":[{"embeddable":true,"href":"https:\/\/sertv.gob.pa\/crisolfm\/wp-json\/wp\/v2\/users\/1"}],"replies":[{"embeddable":true,"href":"https:\/\/sertv.gob.pa\/crisolfm\/wp-json\/wp\/v2\/comments?post=6022"}],"version-history":[{"count":0,"href":"https:\/\/sertv.gob.pa\/crisolfm\/wp-json\/wp\/v2\/posts\/6022\/revisions"}],"wp:featuredmedia":[{"embeddable":true,"href":"https:\/\/sertv.gob.pa\/crisolfm\/wp-json\/wp\/v2\/media\/6023"}],"wp:attachment":[{"href":"https:\/\/sertv.gob.pa\/crisolfm\/wp-json\/wp\/v2\/media?parent=6022"}],"wp:term":[{"taxonomy":"category","embeddable":true,"href":"https:\/\/sertv.gob.pa\/crisolfm\/wp-json\/wp\/v2\/categories?post=6022"},{"taxonomy":"post_tag","embeddable":true,"href":"https:\/\/sertv.gob.pa\/crisolfm\/wp-json\/wp\/v2\/tags?post=6022"}],"curies":[{"name":"wp","href":"https:\/\/api.w.org\/{rel}","templated":true}]}}