{"id":6050,"date":"2016-09-01T15:24:42","date_gmt":"2016-09-01T15:24:42","guid":{"rendered":""},"modified":"2016-09-01T15:24:42","modified_gmt":"2016-09-01T15:24:42","slug":"hoy-inicia-periodo-de-veda-de-camarones","status":"publish","type":"post","link":"https:\/\/sertv.gob.pa\/crisolfm\/hoy-inicia-periodo-de-veda-de-camarones\/","title":{"rendered":"Hoy inicia periodo de veda de camarones"},"content":{"rendered":"<p>\nDesde hoy \u00a0jueves 1 de septiembre se proh\u00edbe la pesca de camarones en todo el territorio nacional. <\/p>\n<p>La directora de la Autoridad de los Recursos Acu\u00e1ticos de Panam\u00e1 (ARAP) inform\u00f3 en RPC Radio que la prohibici\u00f3n corresponde al segundo periodo de veda del a\u00f1o 2016, el cual se mantendr\u00e1 hasta el 11 de octubre. <\/p>\n<p>Durante este periodo, solo permitir\u00e1n la venta del producto que tengan congelado, \u00e9sto con previa autorizaci\u00f3n de la ARAP. <\/p>\n<p>La entidad mantendr\u00e1 los operativos terrestres y acu\u00e1ticos para verificar que los vendedores y pescadores \u00a0est\u00e9n cumpliendo con la medida. <\/p>\n<p>Adem\u00e1s se proh\u00edbe el uso de artes de pesca con luz de malla inferior a las tres y media pulgadas, la comercializaci\u00f3n de camarones sin el Certificado de Inspecci\u00f3n Ocular y transportar el producto sin el respectivo Salvoconducto expedido por la ARAP. <\/p>\n<p>\u00a0 <\/p>\n","protected":false},"excerpt":{"rendered":"<p>Desde hoy \u00a0jueves 1 de septiembre se proh\u00edbe la pesca <a href=\"https:\/\/sertv.gob.pa\/crisolfm\/hoy-inicia-periodo-de-veda-de-camarones\/\"> [&#8230;]<\/a><\/p>\n","protected":false},"author":1,"featured_media":6051,"comment_status":"closed","ping_status":"closed","sticky":false,"template":"","format":"standard","meta":{"footnotes":""},"categories":[7],"tags":[],"class_list":["post-6050","post","type-post","status-publish","format-standard","has-post-thumbnail","hentry","category-ecologicas"],"_links":{"self":[{"href":"https:\/\/sertv.gob.pa\/crisolfm\/wp-json\/wp\/v2\/posts\/6050","targetHints":{"allow":["GET"]}}],"collection":[{"href":"https:\/\/sertv.gob.pa\/crisolfm\/wp-json\/wp\/v2\/posts"}],"about":[{"href":"https:\/\/sertv.gob.pa\/crisolfm\/wp-json\/wp\/v2\/types\/post"}],"author":[{"embeddable":true,"href":"https:\/\/sertv.gob.pa\/crisolfm\/wp-json\/wp\/v2\/users\/1"}],"replies":[{"embeddable":true,"href":"https:\/\/sertv.gob.pa\/crisolfm\/wp-json\/wp\/v2\/comments?post=6050"}],"version-history":[{"count":0,"href":"https:\/\/sertv.gob.pa\/crisolfm\/wp-json\/wp\/v2\/posts\/6050\/revisions"}],"wp:featuredmedia":[{"embeddable":true,"href":"https:\/\/sertv.gob.pa\/crisolfm\/wp-json\/wp\/v2\/media\/6051"}],"wp:attachment":[{"href":"https:\/\/sertv.gob.pa\/crisolfm\/wp-json\/wp\/v2\/media?parent=6050"}],"wp:term":[{"taxonomy":"category","embeddable":true,"href":"https:\/\/sertv.gob.pa\/crisolfm\/wp-json\/wp\/v2\/categories?post=6050"},{"taxonomy":"post_tag","embeddable":true,"href":"https:\/\/sertv.gob.pa\/crisolfm\/wp-json\/wp\/v2\/tags?post=6050"}],"curies":[{"name":"wp","href":"https:\/\/api.w.org\/{rel}","templated":true}]}}