{"id":60558,"date":"2024-03-25T15:15:13","date_gmt":"2024-03-25T15:15:13","guid":{"rendered":"https:\/\/sertv.gob.pa\/crisolfm\/?p=60558"},"modified":"2024-03-25T15:15:13","modified_gmt":"2024-03-25T15:15:13","slug":"adultos-mayores-disfrutaron-programa-especial-en-el-stand-de-salud-de-la-feria-de-david-provincia-de-chiriqui","status":"publish","type":"post","link":"https:\/\/sertv.gob.pa\/crisolfm\/adultos-mayores-disfrutaron-programa-especial-en-el-stand-de-salud-de-la-feria-de-david-provincia-de-chiriqui\/","title":{"rendered":"Adultos mayores disfrutaron programa especial en el stand de salud de la Feria de David, provincia de Chiriqu\u00ed"},"content":{"rendered":"<p><strong><em>Con sesiones educativas, actividades f\u00edsicas, toma de presi\u00f3n arterial y art\u00edculos de incentivo, los adultos mayores que visitaron recientemente, el stand de la feria de David, disfrutaron de la jornada especial efectuada por los departamentos de Salud de Adultos y Salud Mental del MINSA Chiriqu\u00ed, junto a estudiantes de fisioterapia y sicolog\u00eda de la Universidad Latina.<\/em><\/strong><\/p>\n<p><strong><em>Sobre el particular, Karen Mendoza, coordinadora del departamento de Salud Mental, se\u00f1al\u00f3 que, es importante practicar actividades deportivas y de entretenimiento para mantener en buen estado el aspecto sicol\u00f3gico.<\/em><\/strong><\/p>\n<p><strong><em>Agreg\u00f3 que, el Ministerio de Salud, brinda atenci\u00f3n sicol\u00f3gica a trav\u00e9s de sus especialistas distribuidos en todos los centros de salud de la regi\u00f3n \u00absentirse agobiado, triste, adolorido, preocupado es normal, pero no podemos, ni debemos permitir que esto afecte nuestro normal desempe\u00f1o y nosotros estamos para ayudarles\u00bb<\/em><\/strong><\/p>\n<p><strong><em>La jornada, termin\u00f3 con pr\u00e1cticas de postura correcta, recomendaciones, bailes tradicionales, zumba y un Karaoke donde se reparti\u00f3 premios para los participantes.<\/em><\/strong><\/p>\n<p><strong><em>\u00a0<\/em><\/strong><\/p>\n<p>Fuente: MINSA<\/p>\n","protected":false},"excerpt":{"rendered":"<p>Con sesiones educativas, actividades f\u00edsicas, toma de presi\u00f3n arterial y <a href=\"https:\/\/sertv.gob.pa\/crisolfm\/adultos-mayores-disfrutaron-programa-especial-en-el-stand-de-salud-de-la-feria-de-david-provincia-de-chiriqui\/\"> [&#8230;]<\/a><\/p>\n","protected":false},"author":9,"featured_media":60559,"comment_status":"closed","ping_status":"closed","sticky":false,"template":"","format":"standard","meta":{"footnotes":""},"categories":[14],"tags":[],"class_list":["post-60558","post","type-post","status-publish","format-standard","has-post-thumbnail","hentry","category-salud"],"_links":{"self":[{"href":"https:\/\/sertv.gob.pa\/crisolfm\/wp-json\/wp\/v2\/posts\/60558","targetHints":{"allow":["GET"]}}],"collection":[{"href":"https:\/\/sertv.gob.pa\/crisolfm\/wp-json\/wp\/v2\/posts"}],"about":[{"href":"https:\/\/sertv.gob.pa\/crisolfm\/wp-json\/wp\/v2\/types\/post"}],"author":[{"embeddable":true,"href":"https:\/\/sertv.gob.pa\/crisolfm\/wp-json\/wp\/v2\/users\/9"}],"replies":[{"embeddable":true,"href":"https:\/\/sertv.gob.pa\/crisolfm\/wp-json\/wp\/v2\/comments?post=60558"}],"version-history":[{"count":1,"href":"https:\/\/sertv.gob.pa\/crisolfm\/wp-json\/wp\/v2\/posts\/60558\/revisions"}],"predecessor-version":[{"id":60560,"href":"https:\/\/sertv.gob.pa\/crisolfm\/wp-json\/wp\/v2\/posts\/60558\/revisions\/60560"}],"wp:featuredmedia":[{"embeddable":true,"href":"https:\/\/sertv.gob.pa\/crisolfm\/wp-json\/wp\/v2\/media\/60559"}],"wp:attachment":[{"href":"https:\/\/sertv.gob.pa\/crisolfm\/wp-json\/wp\/v2\/media?parent=60558"}],"wp:term":[{"taxonomy":"category","embeddable":true,"href":"https:\/\/sertv.gob.pa\/crisolfm\/wp-json\/wp\/v2\/categories?post=60558"},{"taxonomy":"post_tag","embeddable":true,"href":"https:\/\/sertv.gob.pa\/crisolfm\/wp-json\/wp\/v2\/tags?post=60558"}],"curies":[{"name":"wp","href":"https:\/\/api.w.org\/{rel}","templated":true}]}}