{"id":60570,"date":"2024-03-25T18:34:40","date_gmt":"2024-03-25T18:34:40","guid":{"rendered":"https:\/\/sertv.gob.pa\/crisolfm\/?p=60570"},"modified":"2024-03-25T18:34:40","modified_gmt":"2024-03-25T18:34:40","slug":"a-buen-ritmo-primera-etapa-de-vacunacion-contra-el-sarampion","status":"publish","type":"post","link":"https:\/\/sertv.gob.pa\/crisolfm\/a-buen-ritmo-primera-etapa-de-vacunacion-contra-el-sarampion\/","title":{"rendered":"A buen ritmo primera etapa de vacunaci\u00f3n contra el Sarampi\u00f3n"},"content":{"rendered":"<p><em>\u00a0<\/em><strong><em>En medio de los fuertes rayos del sol, caminos de dif\u00edcil acceso y m\u00faltiples esfuerzos, los equipos de enfermer\u00eda del Ministerio de Salud, regi\u00f3n de Chiriqu\u00ed, continuaron este domingo con la jornada de vacunaci\u00f3n de seguimiento contra el sarampi\u00f3n dirigida a ni\u00f1os de 1 a 4 a\u00f1os de edad.<\/em><\/strong><\/p>\n<p><strong><em>Los equipos que recorren los 14 distritos en la provincia, se han encontrado con el apoyo de la mayor\u00eda de los padres de familia que ven con buenos ojos la protecci\u00f3n a sus hijos a trav\u00e9s de la vacuna; sin embargo, reportaron que tambi\u00e9n algunas comunidades han hallado las puertas cerradas o los menores est\u00e1n fuera de las residencias y no son inoculados.<\/em><\/strong><\/p>\n<p><strong><em>Marisela Arjona, coordinadora regional del Programa Ampliado de Inmunizaci\u00f3n record\u00f3 que, la jornada se ha extendido a los Caipis, jardines de infancia, incluso guarder\u00edas, por lo que se requiere la autorizaci\u00f3n de los padres de familia para aplicar la dosis contra el sarampi\u00f3n, \u00ablos equipos han respetado la decisi\u00f3n que algunos padres o tutores pero la recomendaci\u00f3n es que nuestros ni\u00f1os est\u00e9n protegidos contra esta peligrosa enfermedad\u00bb<\/em><\/strong><\/p>\n<p><strong><em>Agreg\u00f3 que, vacunar no representa un n\u00famero o una cifra, el significado va m\u00e1s all\u00e1 porque se trata de cuidar a nuestros peque\u00f1os, pues algunos consideran como inofensiva la enfermedad pero esta causa severas afectaciones al desarrollo por la salud del ni\u00f1o.<\/em><\/strong><\/p>\n<p><strong><em>Arjona, mencion\u00f3 que, han superado el 40% iban encaminados a cumplir la meta pero reiter\u00f3 que, es un trabajo en ambas direcciones tanto de padres como de los profesionales de la enfermer\u00eda \u00abMi amor va m\u00e1s all\u00e1\u00bb no solo es un lema, es una frase que confirma nuestro compromiso con los ni\u00f1os que son el futuro de este pa\u00eds.<\/em><\/strong><\/p>\n<p><strong><em>Seg\u00fan dio a recordar el domingo, 24 de marzo, culmin\u00f3 la primera etapa de vacunaci\u00f3n, mientras la segunda, estar\u00e1 iniciando del 1 al 16 de abril, de 2024, donde se espera alcanzar la meta o rebasarla, adem\u00e1s, solicit\u00f3 mantener la rotulaci\u00f3n en las casas donde ya se ha vacunado para evitar confusiones al personal vacunador.<\/em><\/strong><\/p>\n","protected":false},"excerpt":{"rendered":"<p>\u00a0En medio de los fuertes rayos del sol, caminos de <a href=\"https:\/\/sertv.gob.pa\/crisolfm\/a-buen-ritmo-primera-etapa-de-vacunacion-contra-el-sarampion\/\"> [&#8230;]<\/a><\/p>\n","protected":false},"author":9,"featured_media":60571,"comment_status":"closed","ping_status":"closed","sticky":false,"template":"","format":"standard","meta":{"footnotes":""},"categories":[14],"tags":[],"class_list":["post-60570","post","type-post","status-publish","format-standard","has-post-thumbnail","hentry","category-salud"],"_links":{"self":[{"href":"https:\/\/sertv.gob.pa\/crisolfm\/wp-json\/wp\/v2\/posts\/60570","targetHints":{"allow":["GET"]}}],"collection":[{"href":"https:\/\/sertv.gob.pa\/crisolfm\/wp-json\/wp\/v2\/posts"}],"about":[{"href":"https:\/\/sertv.gob.pa\/crisolfm\/wp-json\/wp\/v2\/types\/post"}],"author":[{"embeddable":true,"href":"https:\/\/sertv.gob.pa\/crisolfm\/wp-json\/wp\/v2\/users\/9"}],"replies":[{"embeddable":true,"href":"https:\/\/sertv.gob.pa\/crisolfm\/wp-json\/wp\/v2\/comments?post=60570"}],"version-history":[{"count":1,"href":"https:\/\/sertv.gob.pa\/crisolfm\/wp-json\/wp\/v2\/posts\/60570\/revisions"}],"predecessor-version":[{"id":60572,"href":"https:\/\/sertv.gob.pa\/crisolfm\/wp-json\/wp\/v2\/posts\/60570\/revisions\/60572"}],"wp:featuredmedia":[{"embeddable":true,"href":"https:\/\/sertv.gob.pa\/crisolfm\/wp-json\/wp\/v2\/media\/60571"}],"wp:attachment":[{"href":"https:\/\/sertv.gob.pa\/crisolfm\/wp-json\/wp\/v2\/media?parent=60570"}],"wp:term":[{"taxonomy":"category","embeddable":true,"href":"https:\/\/sertv.gob.pa\/crisolfm\/wp-json\/wp\/v2\/categories?post=60570"},{"taxonomy":"post_tag","embeddable":true,"href":"https:\/\/sertv.gob.pa\/crisolfm\/wp-json\/wp\/v2\/tags?post=60570"}],"curies":[{"name":"wp","href":"https:\/\/api.w.org\/{rel}","templated":true}]}}