{"id":6060,"date":"2016-09-02T15:19:13","date_gmt":"2016-09-02T15:19:13","guid":{"rendered":""},"modified":"2016-09-02T15:19:13","modified_gmt":"2016-09-02T15:19:13","slug":"resultados-del-dia-nacional-de-la-reforestacion-son-dados-a-conocer","status":"publish","type":"post","link":"https:\/\/sertv.gob.pa\/crisolfm\/resultados-del-dia-nacional-de-la-reforestacion-son-dados-a-conocer\/","title":{"rendered":"Resultados del D\u00eda Nacional de la Reforestaci\u00f3n son dados a conocer"},"content":{"rendered":"<p>\nUn total de 102.35 hect\u00e1reas fueron sembradas como parte del   D\u00eda Nacional de la Reforestaci\u00f3n que se llev\u00f3 a cabo durante el fin de semana  pasado.  <\/p>\n<p>La actividad forma parte de la estrategia nacional para mitigaci\u00f3n y adaptaci\u00f3n al  Cambio Clim\u00e1tico  y del Plan Nacional de Seguridad H\u00eddrica 2015-2050 &ldquo;Agua para todos&rdquo;.\u00a0 <\/p>\n<p>En un s\u00f3lo d\u00eda se hicieron siembras de forma simult\u00e1nea en 40 puntos del pa\u00eds y con un grupo de 15 mil voluntarios. <\/p>\n<p>Las zonas en donde m\u00e1s se sembraron plantones fueron Panam\u00e1 Oeste, Panam\u00e1 Metro, Veraguas y Chiriqu\u00ed. <\/p>\n<p>Los principales actores de esta alianza fueron los ministerios de Ambiente, de Desarrollo Agropecuario, la Asociaci\u00f3n Nacional para la Conservaci\u00f3n de la Naturaleza; la Asociaci\u00f3n Nacional de Reforestadores y Afines de Panam\u00e1, y \u00a0la C\u00e1mara de Comercio, Industrias y Agricultura de Panam\u00e1.\u00a0 <\/p>\n<p>\u00a0 <\/p>\n","protected":false},"excerpt":{"rendered":"<p>Un total de 102.35 hect\u00e1reas fueron sembradas como parte del <a href=\"https:\/\/sertv.gob.pa\/crisolfm\/resultados-del-dia-nacional-de-la-reforestacion-son-dados-a-conocer\/\"> [&#8230;]<\/a><\/p>\n","protected":false},"author":1,"featured_media":6061,"comment_status":"closed","ping_status":"closed","sticky":false,"template":"","format":"standard","meta":{"footnotes":""},"categories":[7],"tags":[],"class_list":["post-6060","post","type-post","status-publish","format-standard","has-post-thumbnail","hentry","category-ecologicas"],"_links":{"self":[{"href":"https:\/\/sertv.gob.pa\/crisolfm\/wp-json\/wp\/v2\/posts\/6060","targetHints":{"allow":["GET"]}}],"collection":[{"href":"https:\/\/sertv.gob.pa\/crisolfm\/wp-json\/wp\/v2\/posts"}],"about":[{"href":"https:\/\/sertv.gob.pa\/crisolfm\/wp-json\/wp\/v2\/types\/post"}],"author":[{"embeddable":true,"href":"https:\/\/sertv.gob.pa\/crisolfm\/wp-json\/wp\/v2\/users\/1"}],"replies":[{"embeddable":true,"href":"https:\/\/sertv.gob.pa\/crisolfm\/wp-json\/wp\/v2\/comments?post=6060"}],"version-history":[{"count":0,"href":"https:\/\/sertv.gob.pa\/crisolfm\/wp-json\/wp\/v2\/posts\/6060\/revisions"}],"wp:featuredmedia":[{"embeddable":true,"href":"https:\/\/sertv.gob.pa\/crisolfm\/wp-json\/wp\/v2\/media\/6061"}],"wp:attachment":[{"href":"https:\/\/sertv.gob.pa\/crisolfm\/wp-json\/wp\/v2\/media?parent=6060"}],"wp:term":[{"taxonomy":"category","embeddable":true,"href":"https:\/\/sertv.gob.pa\/crisolfm\/wp-json\/wp\/v2\/categories?post=6060"},{"taxonomy":"post_tag","embeddable":true,"href":"https:\/\/sertv.gob.pa\/crisolfm\/wp-json\/wp\/v2\/tags?post=6060"}],"curies":[{"name":"wp","href":"https:\/\/api.w.org\/{rel}","templated":true}]}}