{"id":60625,"date":"2024-03-27T15:43:51","date_gmt":"2024-03-27T15:43:51","guid":{"rendered":"https:\/\/sertv.gob.pa\/crisolfm\/?p=60625"},"modified":"2024-03-27T15:43:51","modified_gmt":"2024-03-27T15:43:51","slug":"velan-por-el-crecimiento-y-desarrollo-saludable-del-menor","status":"publish","type":"post","link":"https:\/\/sertv.gob.pa\/crisolfm\/velan-por-el-crecimiento-y-desarrollo-saludable-del-menor\/","title":{"rendered":"Velan por el crecimiento y desarrollo saludable del menor"},"content":{"rendered":"<p><strong><em>El Programa de Crecimiento y Desarrollo del servicio de Enfermer\u00eda de la Unidad Local de Atenci\u00f3n Primaria en Salud (ULAPS), Sra. Lastenia Canto Sol\u00eds, ubicada en el distrito de Capira, atiende en promedio de 12 a 16 ni\u00f1os diariamente, en edades comprendidas entre los dos meses a cinco a\u00f1os.<\/em><\/strong><\/p>\n<p><strong><em>La Lcda. Mar\u00eda Elena Vergara, indic\u00f3 que, este programa, tiene como prop\u00f3sito evaluar el desempe\u00f1o de las habilidades del ni\u00f1o, el control del peso y\u00a0 la talla, todo de acuerdo a su etapa. Iniciar y actualizar el esquema de vacunas, educar a los padres sobre el cuidado del menor, as\u00ed como prevenir situaciones adversas en perjuicio de su bienestar en todos los aspectos de su vida.<\/em><\/strong><\/p>\n<p><strong><em>Sobre el programa, la Sra. Susana Quintero, mam\u00e1 de Kathleen Franco, de cinco meses, expres\u00f3 que, como madre primeriza, est\u00e1 conociendo\u00a0 e instruy\u00e9ndose con las enfermeras de todo lo relacionado con el desarrollo normal de su beb\u00e9.<\/em><\/strong><\/p>\n<p><strong><em>Durante el a\u00f1o 2023, en la ULAPS de Capira, fueron recibidos193 ni\u00f1os en este programa.<\/em><\/strong><\/p>\n<p><strong><em>Si desea darle seguimiento a su hijo, debe obtener su cita en el departamento de REGES y acudir todos los mi\u00e9rcoles para la atenci\u00f3n.<\/em><\/strong><\/p>\n<p><strong><em>\u00a0<\/em><\/strong><\/p>\n<p>Fuente: CSS<\/p>\n","protected":false},"excerpt":{"rendered":"<p>El Programa de Crecimiento y Desarrollo del servicio de Enfermer\u00eda <a href=\"https:\/\/sertv.gob.pa\/crisolfm\/velan-por-el-crecimiento-y-desarrollo-saludable-del-menor\/\"> [&#8230;]<\/a><\/p>\n","protected":false},"author":9,"featured_media":60626,"comment_status":"closed","ping_status":"closed","sticky":false,"template":"","format":"standard","meta":{"footnotes":""},"categories":[14],"tags":[],"class_list":["post-60625","post","type-post","status-publish","format-standard","has-post-thumbnail","hentry","category-salud"],"_links":{"self":[{"href":"https:\/\/sertv.gob.pa\/crisolfm\/wp-json\/wp\/v2\/posts\/60625","targetHints":{"allow":["GET"]}}],"collection":[{"href":"https:\/\/sertv.gob.pa\/crisolfm\/wp-json\/wp\/v2\/posts"}],"about":[{"href":"https:\/\/sertv.gob.pa\/crisolfm\/wp-json\/wp\/v2\/types\/post"}],"author":[{"embeddable":true,"href":"https:\/\/sertv.gob.pa\/crisolfm\/wp-json\/wp\/v2\/users\/9"}],"replies":[{"embeddable":true,"href":"https:\/\/sertv.gob.pa\/crisolfm\/wp-json\/wp\/v2\/comments?post=60625"}],"version-history":[{"count":1,"href":"https:\/\/sertv.gob.pa\/crisolfm\/wp-json\/wp\/v2\/posts\/60625\/revisions"}],"predecessor-version":[{"id":60627,"href":"https:\/\/sertv.gob.pa\/crisolfm\/wp-json\/wp\/v2\/posts\/60625\/revisions\/60627"}],"wp:featuredmedia":[{"embeddable":true,"href":"https:\/\/sertv.gob.pa\/crisolfm\/wp-json\/wp\/v2\/media\/60626"}],"wp:attachment":[{"href":"https:\/\/sertv.gob.pa\/crisolfm\/wp-json\/wp\/v2\/media?parent=60625"}],"wp:term":[{"taxonomy":"category","embeddable":true,"href":"https:\/\/sertv.gob.pa\/crisolfm\/wp-json\/wp\/v2\/categories?post=60625"},{"taxonomy":"post_tag","embeddable":true,"href":"https:\/\/sertv.gob.pa\/crisolfm\/wp-json\/wp\/v2\/tags?post=60625"}],"curies":[{"name":"wp","href":"https:\/\/api.w.org\/{rel}","templated":true}]}}