{"id":60653,"date":"2024-04-01T14:05:33","date_gmt":"2024-04-01T14:05:33","guid":{"rendered":"https:\/\/sertv.gob.pa\/crisolfm\/?p=60653"},"modified":"2024-04-01T14:05:33","modified_gmt":"2024-04-01T14:05:33","slug":"taller-de-comunicacion-de-riesgo","status":"publish","type":"post","link":"https:\/\/sertv.gob.pa\/crisolfm\/taller-de-comunicacion-de-riesgo\/","title":{"rendered":"Taller de comunicaci\u00f3n de riesgo"},"content":{"rendered":"<p><strong><em>En Panam\u00e1, durante los d\u00edas 26 y 27 de marzo, se desarroll\u00f3 el taller de Comunicaci\u00f3n de Riesgo con enfoque de g\u00e9nero e interseccionalidad para la gesti\u00f3n de procesos de comunicaci\u00f3n dirigido al personal de la Alcald\u00eda de Panam\u00e1, funcionarios de Salud en la Regi\u00f3n Metropolitana, del PAI, de Promoci\u00f3n de la Salud, SENADAP y organizaciones de la sociedad que trabajan con poblaciones en situaciones de vulnerabilidad.<\/em><\/strong><\/p>\n<p><strong><em>Esta jornada de actualizaci\u00f3n, tuvo la finalidad de fortalecer las capacidades en el dise\u00f1o de estrategias de comunicaci\u00f3n, divulgaci\u00f3n, la comunicaci\u00f3n de riesgo y la participaci\u00f3n comunitaria con un enfoque en la igualdad de g\u00e9nero para apoyar el mejoramiento de las coberturas de vacunaci\u00f3n.<\/em><\/strong><\/p>\n<p><strong><em>Adem\u00e1s, de promover la participaci\u00f3n de las mujeres y las poblaciones subrepresentadas como las comunidades ind\u00edgenas y afrodescendientes, migrantes, personas con discapacidad, LGBTQL+ como agentes de cambio en el dise\u00f1o de estrategias de comunicaci\u00f3n.<\/em><\/strong><\/p>\n<p><strong><em>La metodolog\u00eda desarrollada, fue la presentaci\u00f3n de los temas con periodo de di\u00e1logo e intercambio de opiniones para reforzar los conceptos y analizar el fortalecimiento de los programas para la generaci\u00f3n de las estrategias en comunicaci\u00f3n que incluya las variables del taller.<\/em><\/strong><\/p>\n<p><strong><em>As\u00ed mismo, se realiz\u00f3 presentaciones por los grupos de trabajo enfocado en la poblaci\u00f3n de vulnerabilidad y las experiencias vividas en el periodo de pandemia con las estrategias aplicadas y las jornadas de vacunaci\u00f3n con la estrategia de comunicaci\u00f3n.<\/em><\/strong><\/p>\n<p><strong><em>La actividad, fue organizada por la Organizaci\u00f3n Panamericana de la Salud (OPS) con la participaci\u00f3n de la Dra. Leah Richards, Asesora de Sistemas y Servicios de Salud de la OPS\/OMS en Panam\u00e1, las facilitadoras Deborah Itriago y Tatiana Santos de la Unidad de Equidad, G\u00e9nero, Derechos Humanos y Diversidad Cultural EG\/OPS\u00a0 y del Lic. Isa\u00edas Montilla OPS Panam\u00e1.<\/em><\/strong><\/p>\n<p>&nbsp;<\/p>\n<p>Fuente: MINSA<\/p>\n","protected":false},"excerpt":{"rendered":"<p>En Panam\u00e1, durante los d\u00edas 26 y 27 de marzo, <a href=\"https:\/\/sertv.gob.pa\/crisolfm\/taller-de-comunicacion-de-riesgo\/\"> [&#8230;]<\/a><\/p>\n","protected":false},"author":9,"featured_media":58528,"comment_status":"closed","ping_status":"closed","sticky":false,"template":"","format":"standard","meta":{"footnotes":""},"categories":[14],"tags":[],"class_list":["post-60653","post","type-post","status-publish","format-standard","has-post-thumbnail","hentry","category-salud"],"_links":{"self":[{"href":"https:\/\/sertv.gob.pa\/crisolfm\/wp-json\/wp\/v2\/posts\/60653","targetHints":{"allow":["GET"]}}],"collection":[{"href":"https:\/\/sertv.gob.pa\/crisolfm\/wp-json\/wp\/v2\/posts"}],"about":[{"href":"https:\/\/sertv.gob.pa\/crisolfm\/wp-json\/wp\/v2\/types\/post"}],"author":[{"embeddable":true,"href":"https:\/\/sertv.gob.pa\/crisolfm\/wp-json\/wp\/v2\/users\/9"}],"replies":[{"embeddable":true,"href":"https:\/\/sertv.gob.pa\/crisolfm\/wp-json\/wp\/v2\/comments?post=60653"}],"version-history":[{"count":1,"href":"https:\/\/sertv.gob.pa\/crisolfm\/wp-json\/wp\/v2\/posts\/60653\/revisions"}],"predecessor-version":[{"id":60654,"href":"https:\/\/sertv.gob.pa\/crisolfm\/wp-json\/wp\/v2\/posts\/60653\/revisions\/60654"}],"wp:featuredmedia":[{"embeddable":true,"href":"https:\/\/sertv.gob.pa\/crisolfm\/wp-json\/wp\/v2\/media\/58528"}],"wp:attachment":[{"href":"https:\/\/sertv.gob.pa\/crisolfm\/wp-json\/wp\/v2\/media?parent=60653"}],"wp:term":[{"taxonomy":"category","embeddable":true,"href":"https:\/\/sertv.gob.pa\/crisolfm\/wp-json\/wp\/v2\/categories?post=60653"},{"taxonomy":"post_tag","embeddable":true,"href":"https:\/\/sertv.gob.pa\/crisolfm\/wp-json\/wp\/v2\/tags?post=60653"}],"curies":[{"name":"wp","href":"https:\/\/api.w.org\/{rel}","templated":true}]}}