{"id":60658,"date":"2024-04-01T15:09:53","date_gmt":"2024-04-01T15:09:53","guid":{"rendered":"https:\/\/sertv.gob.pa\/crisolfm\/?p=60658"},"modified":"2024-04-01T15:09:53","modified_gmt":"2024-04-01T15:09:53","slug":"iphe-especialistas-se-actualizan-en-el-tema-el-rol-del-medico-fisiatra","status":"publish","type":"post","link":"https:\/\/sertv.gob.pa\/crisolfm\/iphe-especialistas-se-actualizan-en-el-tema-el-rol-del-medico-fisiatra\/","title":{"rendered":"IPHE: Especialistas se actualizan en el tema: El Rol del M\u00e9dico Fisiatra"},"content":{"rendered":"<p><strong><em>Los especialistas de las seis disciplinas que conforman el equipo t\u00e9cnico de la entidad, participaron de una docencia denominada \u201cEl Rol del M\u00e9dico Fisiatra\u201d, en el proceso de habilitaci\u00f3n y rehabilitaci\u00f3n de las personas con discapacidades motoras, cognitivas y sensoriales, la cual fue impartida por la doctora Mar\u00eda Eugenia Summer, residente del \u00faltimo a\u00f1o de la especialidad de Fisiatr\u00eda en el Instituto Nacional de Medicina F\u00edsica y Rehabilitaci\u00f3n (INMFRE).<\/em><\/strong><\/p>\n<p><strong><em>El objetivo principal de esta capacitaci\u00f3n, fue orientar al equipo t\u00e9cnico sobre la relevancia del M\u00e9dico Fisiatra en la habilitaci\u00f3n y rehabilitaci\u00f3n, as\u00ed como proporcionar una actualizaci\u00f3n en la atenci\u00f3n a personas con discapacidades diversas. Esta labor integral y coordinada, busca mejorar la calidad de vida de los usuarios, abordando sus necesidades desde una perspectiva hol\u00edstica, promoviendo su inclusi\u00f3n y bienestar en la sociedad.\u00a0<\/em><\/strong><\/p>\n<p><strong><em>En esta jornada, participaron especialistas de Terapia Ocupacional, Fisioterapia, Estimulaci\u00f3n Temprana, Fonoaudiolog\u00eda, Trabajo Social y Psicolog\u00eda, a quienes la doctora Mar\u00eda Eugenia Summer del INMFRE, les destac\u00f3 la importancia de la interdisciplinariedad en este proceso: \u201cel M\u00e9dico Fisiatra juega un papel clave en la actualizaci\u00f3n de la atenci\u00f3n a la poblaci\u00f3n con diversas condiciones de discapacidad\u201d.<\/em><\/strong><\/p>\n<p><strong><em>La presencia del M\u00e9dico Fisiatra en este proceso, garantiza una atenci\u00f3n especializada y personalizada, adaptada a las particularidades de cada individuo para lograr resultados \u00f3ptimos en su proceso de recuperaci\u00f3n y desarrollo.<\/em><\/strong><\/p>\n<p>&nbsp;<\/p>\n<p>Fuente: IPHE<\/p>\n","protected":false},"excerpt":{"rendered":"<p>Los especialistas de las seis disciplinas que conforman el equipo <a href=\"https:\/\/sertv.gob.pa\/crisolfm\/iphe-especialistas-se-actualizan-en-el-tema-el-rol-del-medico-fisiatra\/\"> [&#8230;]<\/a><\/p>\n","protected":false},"author":9,"featured_media":60659,"comment_status":"closed","ping_status":"closed","sticky":false,"template":"","format":"standard","meta":{"footnotes":""},"categories":[14],"tags":[],"class_list":["post-60658","post","type-post","status-publish","format-standard","has-post-thumbnail","hentry","category-salud"],"_links":{"self":[{"href":"https:\/\/sertv.gob.pa\/crisolfm\/wp-json\/wp\/v2\/posts\/60658","targetHints":{"allow":["GET"]}}],"collection":[{"href":"https:\/\/sertv.gob.pa\/crisolfm\/wp-json\/wp\/v2\/posts"}],"about":[{"href":"https:\/\/sertv.gob.pa\/crisolfm\/wp-json\/wp\/v2\/types\/post"}],"author":[{"embeddable":true,"href":"https:\/\/sertv.gob.pa\/crisolfm\/wp-json\/wp\/v2\/users\/9"}],"replies":[{"embeddable":true,"href":"https:\/\/sertv.gob.pa\/crisolfm\/wp-json\/wp\/v2\/comments?post=60658"}],"version-history":[{"count":1,"href":"https:\/\/sertv.gob.pa\/crisolfm\/wp-json\/wp\/v2\/posts\/60658\/revisions"}],"predecessor-version":[{"id":60660,"href":"https:\/\/sertv.gob.pa\/crisolfm\/wp-json\/wp\/v2\/posts\/60658\/revisions\/60660"}],"wp:featuredmedia":[{"embeddable":true,"href":"https:\/\/sertv.gob.pa\/crisolfm\/wp-json\/wp\/v2\/media\/60659"}],"wp:attachment":[{"href":"https:\/\/sertv.gob.pa\/crisolfm\/wp-json\/wp\/v2\/media?parent=60658"}],"wp:term":[{"taxonomy":"category","embeddable":true,"href":"https:\/\/sertv.gob.pa\/crisolfm\/wp-json\/wp\/v2\/categories?post=60658"},{"taxonomy":"post_tag","embeddable":true,"href":"https:\/\/sertv.gob.pa\/crisolfm\/wp-json\/wp\/v2\/tags?post=60658"}],"curies":[{"name":"wp","href":"https:\/\/api.w.org\/{rel}","templated":true}]}}