{"id":6068,"date":"2016-09-02T16:02:30","date_gmt":"2016-09-02T16:02:30","guid":{"rendered":""},"modified":"2016-09-02T16:02:30","modified_gmt":"2016-09-02T16:02:30","slug":"sismo-de-magnitud-7-1-grados-en-nueva-zelanda","status":"publish","type":"post","link":"https:\/\/sertv.gob.pa\/crisolfm\/sismo-de-magnitud-7-1-grados-en-nueva-zelanda\/","title":{"rendered":"Sismo de magnitud 7.1 grados en Nueva Zelanda"},"content":{"rendered":"<p>\nUn fuerte  sismo de magnitud 7.1 grados sacudi\u00f3 Nueva Zelanda  en las primeras horas de hoy viernes, provocando un peque\u00f1o tsunami que no dej\u00f3 v\u00edctimas ni da\u00f1os materiales, anunciaron las autoridades. <\/p>\n<p>El epicentro del terremoto se registr\u00f3 a las 16H37 GMT del jueves, a una profundidad de 30 km y a unos 167 km al este de Gisborne -en la Isla del Norte del archipi\u00e9lago-, precis\u00f3 el Instituto de geof\u00edsica de Estados Unidos (USGS). <\/p>\n<p>Radio Nueva Zelanda recomend\u00f3 a los residentes alejarse de la costa. <\/p>\n<p>Posteriormente, varias r\u00e9plicas, algunas de magnitudes cercanas a 6 grados, sacudieron la zona en el momento en que la poblaci\u00f3n evacuaba el \u00e1rea, pero menos de tres horas despu\u00e9s, las autoridades se\u00f1alaron que ya era posible regresar a sus casas. <\/p>\n<p>\u00abLa ola de mayor altura ya se ha producido (30 cent\u00edmetros) y se esperan otras de m\u00e1s de 20\u00bb, indic\u00f3 la defensa civil, responsable de la gesti\u00f3n de emergencias nacionales. <\/p>\n<p>\u00a0 <\/p>\n","protected":false},"excerpt":{"rendered":"<p>Un fuerte sismo de magnitud 7.1 grados sacudi\u00f3 Nueva Zelanda <a href=\"https:\/\/sertv.gob.pa\/crisolfm\/sismo-de-magnitud-7-1-grados-en-nueva-zelanda\/\"> [&#8230;]<\/a><\/p>\n","protected":false},"author":1,"featured_media":6069,"comment_status":"closed","ping_status":"closed","sticky":false,"template":"","format":"standard","meta":{"footnotes":""},"categories":[7],"tags":[],"class_list":["post-6068","post","type-post","status-publish","format-standard","has-post-thumbnail","hentry","category-ecologicas"],"_links":{"self":[{"href":"https:\/\/sertv.gob.pa\/crisolfm\/wp-json\/wp\/v2\/posts\/6068","targetHints":{"allow":["GET"]}}],"collection":[{"href":"https:\/\/sertv.gob.pa\/crisolfm\/wp-json\/wp\/v2\/posts"}],"about":[{"href":"https:\/\/sertv.gob.pa\/crisolfm\/wp-json\/wp\/v2\/types\/post"}],"author":[{"embeddable":true,"href":"https:\/\/sertv.gob.pa\/crisolfm\/wp-json\/wp\/v2\/users\/1"}],"replies":[{"embeddable":true,"href":"https:\/\/sertv.gob.pa\/crisolfm\/wp-json\/wp\/v2\/comments?post=6068"}],"version-history":[{"count":0,"href":"https:\/\/sertv.gob.pa\/crisolfm\/wp-json\/wp\/v2\/posts\/6068\/revisions"}],"wp:featuredmedia":[{"embeddable":true,"href":"https:\/\/sertv.gob.pa\/crisolfm\/wp-json\/wp\/v2\/media\/6069"}],"wp:attachment":[{"href":"https:\/\/sertv.gob.pa\/crisolfm\/wp-json\/wp\/v2\/media?parent=6068"}],"wp:term":[{"taxonomy":"category","embeddable":true,"href":"https:\/\/sertv.gob.pa\/crisolfm\/wp-json\/wp\/v2\/categories?post=6068"},{"taxonomy":"post_tag","embeddable":true,"href":"https:\/\/sertv.gob.pa\/crisolfm\/wp-json\/wp\/v2\/tags?post=6068"}],"curies":[{"name":"wp","href":"https:\/\/api.w.org\/{rel}","templated":true}]}}