{"id":6076,"date":"2016-09-05T15:20:29","date_gmt":"2016-09-05T15:20:29","guid":{"rendered":""},"modified":"2016-09-05T15:20:29","modified_gmt":"2016-09-05T15:20:29","slug":"se-celebra-el-mes-de-los-oceanos","status":"publish","type":"post","link":"https:\/\/sertv.gob.pa\/crisolfm\/se-celebra-el-mes-de-los-oceanos\/","title":{"rendered":"Se celebra el Mes de los Oc\u00e9anos"},"content":{"rendered":"<p>\nBajo el lema &lsquo;Oc\u00e9anos, m\u00e1s all\u00e1 de lo que ves&#8217;, se comienza la celebraci\u00f3n del Mes de los Oc\u00e9anos en Panam\u00e1. <\/p>\n<p>Esta es una iniciativa nacional cuyo fin es acentuar en el istmo la relevancia de cuidar el mar y sus recursos biol\u00f3gicos. <\/p>\n<p>El programa para esta celebraci\u00f3n incluye actividades recreativas, culturales, educativas, deportivas, limpiezas de playas, foros, conferencias, ferias, charlas educativas, d\u00eda familiar y concursos. <\/p>\n<p>El prop\u00f3sito es educar y crear conciencia sobre la importancia de la conservaci\u00f3n y uso racional de uno de los ecosistemas y sus recursos naturales m\u00e1s importantes para la sociedad, inform\u00f3 el comit\u00e9 organizador. <\/p>\n<p>&lsquo;La XII celebraci\u00f3n del Mes de los Oc\u00e9anos tiene la meta de ganar el inter\u00e9s de la sociedad para involucrarla en la protecci\u00f3n de nuestros ambientes del mar, ecosistemas que pueden ser siempre mejor conservados, con la buena intenci\u00f3n de la ciudadan\u00eda paname\u00f1a y extranjera, presente en nuestro Panam\u00e1&#8217;, se\u00f1alan los organizadores. <\/p>\n<p>Asimismo, el comit\u00e9 destac\u00f3 la importancia de los oc\u00e9anos, ya que el 71% de la superficie de la Tierra est\u00e1 cubierta de agua. <\/p>\n<p>Los oc\u00e9anos representan una parte vital en la existencia del ser humano; son fuente de alimento, medicinas, reguladores de la temperatura, transporte y hasta de recreaci\u00f3n. <\/p>\n<p>\u00a0 <\/p>\n","protected":false},"excerpt":{"rendered":"<p>Bajo el lema &lsquo;Oc\u00e9anos, m\u00e1s all\u00e1 de lo que ves&#8217;, <a href=\"https:\/\/sertv.gob.pa\/crisolfm\/se-celebra-el-mes-de-los-oceanos\/\"> [&#8230;]<\/a><\/p>\n","protected":false},"author":1,"featured_media":6077,"comment_status":"closed","ping_status":"closed","sticky":false,"template":"","format":"standard","meta":{"footnotes":""},"categories":[7],"tags":[],"class_list":["post-6076","post","type-post","status-publish","format-standard","has-post-thumbnail","hentry","category-ecologicas"],"_links":{"self":[{"href":"https:\/\/sertv.gob.pa\/crisolfm\/wp-json\/wp\/v2\/posts\/6076","targetHints":{"allow":["GET"]}}],"collection":[{"href":"https:\/\/sertv.gob.pa\/crisolfm\/wp-json\/wp\/v2\/posts"}],"about":[{"href":"https:\/\/sertv.gob.pa\/crisolfm\/wp-json\/wp\/v2\/types\/post"}],"author":[{"embeddable":true,"href":"https:\/\/sertv.gob.pa\/crisolfm\/wp-json\/wp\/v2\/users\/1"}],"replies":[{"embeddable":true,"href":"https:\/\/sertv.gob.pa\/crisolfm\/wp-json\/wp\/v2\/comments?post=6076"}],"version-history":[{"count":0,"href":"https:\/\/sertv.gob.pa\/crisolfm\/wp-json\/wp\/v2\/posts\/6076\/revisions"}],"wp:featuredmedia":[{"embeddable":true,"href":"https:\/\/sertv.gob.pa\/crisolfm\/wp-json\/wp\/v2\/media\/6077"}],"wp:attachment":[{"href":"https:\/\/sertv.gob.pa\/crisolfm\/wp-json\/wp\/v2\/media?parent=6076"}],"wp:term":[{"taxonomy":"category","embeddable":true,"href":"https:\/\/sertv.gob.pa\/crisolfm\/wp-json\/wp\/v2\/categories?post=6076"},{"taxonomy":"post_tag","embeddable":true,"href":"https:\/\/sertv.gob.pa\/crisolfm\/wp-json\/wp\/v2\/tags?post=6076"}],"curies":[{"name":"wp","href":"https:\/\/api.w.org\/{rel}","templated":true}]}}