{"id":6080,"date":"2016-09-05T18:52:04","date_gmt":"2016-09-05T18:52:04","guid":{"rendered":""},"modified":"2016-09-05T18:52:04","modified_gmt":"2016-09-05T18:52:04","slug":"renovado-interes-hacia-clasificacion-de-desechos","status":"publish","type":"post","link":"https:\/\/sertv.gob.pa\/crisolfm\/renovado-interes-hacia-clasificacion-de-desechos\/","title":{"rendered":"Renovado inter\u00e9s hacia clasificaci\u00f3n de desechos"},"content":{"rendered":"<p>\nLa acci\u00f3n individual hacia la tarea de reciclaje es una actividad que se est\u00e1 generando a paso lento.\u00a0 <\/p>\n<p>Mariela Fruto, de la  Fundaci\u00f3n de Acci\u00f3n Social  creada en 1994, ha percibido en los \u00faltimos 5 a\u00f1os un renovado inter\u00e9s del ciudadano hacia la clasificaci\u00f3n de sus desechos, pero le gustar\u00eda que la activaci\u00f3n fuera mayor. <\/p>\n<p>Al d\u00eda la fundaci\u00f3n atiende a unas 40 personas que van con la visi\u00f3n de contribuir con sus donaciones de material reciclable. Es un n\u00famero &ldquo;positivo y considerable&rdquo; matiza Fruto, tomando en cuenta que son las personas en calidad de ciudadanos las que se organizan y sacan su tiempo para ir a depositar sus materiales sin que exista una remuneraci\u00f3n de por medio. <\/p>\n<p>Fruto recalca que la fundaci\u00f3n funciona como un centro de acopio que separa los materiales reutilizables para luego sostenerse con las ganancias. <\/p>\n<p>En el plan de reforestaci\u00f3n conocido como  Alianza por el Mill\u00f3n , cuya fecha insignia fue el pasado 29 de agosto, en donde se logr\u00f3 captar de muchos voluntarios dispuestos a enterrar las manos en el lodo para ver germinar la floresta que escasea, se pudo tener una movilizaci\u00f3n masiva de voluntades con la intenci\u00f3n de llegar a la meta de sembrar 1 mill\u00f3n de hect\u00e1reas en un periodo de 20 a\u00f1os. <\/p>\n<p>La uni\u00f3n de cinco entidades p\u00fablicas y organizaciones pro conservaci\u00f3n hizo exitosa la convocatoria en parte de su primera fase. <\/p>\n<p>La  Asociaci\u00f3n Nacional para la Conservaci\u00f3n de la Naturaleza  ( Ancon ), que apoya el proyecto de reforestaci\u00f3n  Alianza por el Mill\u00f3n , destina en su p\u00e1gina web un formulario que invita al voluntariado a iniciativas ecol\u00f3gicas, ya sea desde el \u00e1mbito corporativo, educativo o individual ( http:\/\/www.ancon.org\/voluntariado\/ ). <\/p>\n<p>\u00a0 <\/p>\n","protected":false},"excerpt":{"rendered":"<p>La acci\u00f3n individual hacia la tarea de reciclaje es una <a href=\"https:\/\/sertv.gob.pa\/crisolfm\/renovado-interes-hacia-clasificacion-de-desechos\/\"> [&#8230;]<\/a><\/p>\n","protected":false},"author":1,"featured_media":6081,"comment_status":"closed","ping_status":"closed","sticky":false,"template":"","format":"standard","meta":{"footnotes":""},"categories":[7],"tags":[],"class_list":["post-6080","post","type-post","status-publish","format-standard","has-post-thumbnail","hentry","category-ecologicas"],"_links":{"self":[{"href":"https:\/\/sertv.gob.pa\/crisolfm\/wp-json\/wp\/v2\/posts\/6080","targetHints":{"allow":["GET"]}}],"collection":[{"href":"https:\/\/sertv.gob.pa\/crisolfm\/wp-json\/wp\/v2\/posts"}],"about":[{"href":"https:\/\/sertv.gob.pa\/crisolfm\/wp-json\/wp\/v2\/types\/post"}],"author":[{"embeddable":true,"href":"https:\/\/sertv.gob.pa\/crisolfm\/wp-json\/wp\/v2\/users\/1"}],"replies":[{"embeddable":true,"href":"https:\/\/sertv.gob.pa\/crisolfm\/wp-json\/wp\/v2\/comments?post=6080"}],"version-history":[{"count":0,"href":"https:\/\/sertv.gob.pa\/crisolfm\/wp-json\/wp\/v2\/posts\/6080\/revisions"}],"wp:featuredmedia":[{"embeddable":true,"href":"https:\/\/sertv.gob.pa\/crisolfm\/wp-json\/wp\/v2\/media\/6081"}],"wp:attachment":[{"href":"https:\/\/sertv.gob.pa\/crisolfm\/wp-json\/wp\/v2\/media?parent=6080"}],"wp:term":[{"taxonomy":"category","embeddable":true,"href":"https:\/\/sertv.gob.pa\/crisolfm\/wp-json\/wp\/v2\/categories?post=6080"},{"taxonomy":"post_tag","embeddable":true,"href":"https:\/\/sertv.gob.pa\/crisolfm\/wp-json\/wp\/v2\/tags?post=6080"}],"curies":[{"name":"wp","href":"https:\/\/api.w.org\/{rel}","templated":true}]}}