{"id":60833,"date":"2024-04-08T18:26:19","date_gmt":"2024-04-08T18:26:19","guid":{"rendered":"https:\/\/sertv.gob.pa\/crisolfm\/?p=60833"},"modified":"2024-04-08T18:26:19","modified_gmt":"2024-04-08T18:26:19","slug":"taller-sobre-higiene-postural-en-policlinica-de-san-miguelito","status":"publish","type":"post","link":"https:\/\/sertv.gob.pa\/crisolfm\/taller-sobre-higiene-postural-en-policlinica-de-san-miguelito\/","title":{"rendered":"Taller sobre higiene postural en policl\u00ednica de San Miguelito"},"content":{"rendered":"<div class=\"fusion-fullwidth fullwidth-box fusion-builder-row-1 fusion-flex-container has-pattern-background has-mask-background nonhundred-percent-fullwidth non-hundred-percent-height-scrolling\" style=\"--awb-border-radius-top-left:0px;--awb-border-radius-top-right:0px;--awb-border-radius-bottom-right:0px;--awb-border-radius-bottom-left:0px;--awb-flex-wrap:wrap;\" ><div class=\"fusion-builder-row fusion-row fusion-flex-align-items-flex-start fusion-flex-content-wrap\" style=\"max-width:1144px;margin-left: calc(-4% \/ 2 );margin-right: calc(-4% \/ 2 );\"><div class=\"fusion-layout-column fusion_builder_column fusion-builder-column-0 fusion_builder_column_1_1 1_1 fusion-flex-column\" style=\"--awb-bg-size:cover;--awb-width-large:100%;--awb-margin-top-large:0px;--awb-spacing-right-large:1.92%;--awb-margin-bottom-large:20px;--awb-spacing-left-large:1.92%;--awb-width-medium:100%;--awb-order-medium:0;--awb-spacing-right-medium:1.92%;--awb-spacing-left-medium:1.92%;--awb-width-small:100%;--awb-order-small:0;--awb-spacing-right-small:1.92%;--awb-spacing-left-small:1.92%;\"><div class=\"fusion-column-wrapper fusion-column-has-shadow fusion-flex-justify-content-flex-start fusion-content-layout-column\"><div class=\"fusion-text fusion-text-1\"><p><strong><em>\u00a0<\/em><\/strong><\/p>\n<p><strong><em>Familiares de pacientes adscritos al Sistema de Atenci\u00f3n Domiciliaria Integral (SADI) de la Policl\u00ednica \u201cManuel Mar\u00eda Vald\u00e9s\u201d en San Miguelito, participaron de un taller donde se abordaron temas sobre higiene postural para el manejo de pacientes encamados, nutrici\u00f3n, requisitos para obtener una certificaci\u00f3n de discapacidad por la Secretar\u00eda Nacional de Discapacidad (SENADIS) y orientaci\u00f3n sobre el proyecto de vida plena despu\u00e9s de la enfermedad.<\/em><\/strong><\/p>\n<p><strong><em>Pedro Hern\u00e1ndez, fisioterapeuta, dijo que, el cuidador de personas encamadas, debe tomar conciencia de la importancia de cuidarse, para poder seguir brindando la ayuda a la persona en situaci\u00f3n de dependencia, explicando de manera detallada y gr\u00e1ficas, c\u00f3mo se debe mover al paciente en la cama y la forma correcta de levantarlo para evitar lesiones.<\/em><\/strong><\/p>\n<p><strong><em>Tambi\u00e9n, realiz\u00f3 demostraciones de c\u00f3mo levantar de una silla al enfermo, para evitar ca\u00eddas y que el cuidador no se lastime al hacer esta acci\u00f3n.<\/em><\/strong><\/p>\n<p><strong><em>Recomend\u00f3 hacer algunos ejercicios para mantenerse en forma y realizar un buen manejo del encamado.<\/em><\/strong><\/p>\n<p><strong><em>Los participantes recibieron consejos de nutrici\u00f3n, sobre la dieta que deben llevar de los pacientes encamados y las personas que padecen enfermedades cr\u00f3nicas como: la diabetes e hipertensi\u00f3n, que muchas veces provocan discapacidad.<\/em><\/strong><\/p>\n<p><strong><em>El SENADIS brind\u00f3 orientaci\u00f3n sobre la evaluaci\u00f3n de criterios para la obtenci\u00f3n de una certificaci\u00f3n de discapacidad.\u00a0<\/em><\/strong><\/p>\n<p><strong><em>Por \u00faltimo, Vilma Coronado, trabajadora social de esta unidad, les expuso la importancia de crear un proyecto de vida plena para reponerse ante las situaciones de crisis y seguir disfrutando de todo, en la medida que mejoren, adem\u00e1s de planificar todas las cosas que involucren gastos.\u00a0<\/em><\/strong><\/p>\n<p><strong><em>El seminario fue organizado por Griselda Vallejos del Departamento de Trabajo Social, y cont\u00f3 con la participaci\u00f3n de la Dra. Marisol Tawachi, coordinadora del SADI.<\/em><\/strong><\/p>\n<p><strong><em>\u00a0<\/em><\/strong><\/p>\n<p>Fuente: CSS<\/p>\n<\/div><div class=\"awb-gallery-wrapper awb-gallery-wrapper-1 button-span-no\" style=\"--more-btn-alignment:center;\"><div style=\"margin:-5px;--awb-bordersize:0px;\" class=\"fusion-gallery fusion-gallery-container fusion-grid-3 fusion-columns-total-7 fusion-gallery-layout-grid fusion-gallery-1\"><div style=\"padding:5px;\" class=\"fusion-grid-column fusion-gallery-column fusion-gallery-column-3 hover-type-none\"><div class=\"fusion-gallery-image\"><a href=\"https:\/\/sertv.gob.pa\/crisolfm\/wp-content\/uploads\/sites\/2\/2024\/04\/CAPACITACION-SADI-1.jpg\" rel=\"noreferrer\" data-rel=\"iLightbox[gallery_image_1]\" class=\"fusion-lightbox\" target=\"_self\"><img decoding=\"async\" src=\"https:\/\/sertv.gob.pa\/crisolfm\/wp-content\/uploads\/sites\/2\/2024\/04\/CAPACITACION-SADI-1.jpg\" width=\"600\" height=\"354\" alt=\"\" title=\"CAPACITACION-SADI-1\" aria-label=\"CAPACITACION-SADI-1\" class=\"img-responsive wp-image-60835\" srcset=\"https:\/\/sertv.gob.pa\/crisolfm\/wp-content\/uploads\/sites\/2\/2024\/04\/CAPACITACION-SADI-1-200x118.jpg 200w, https:\/\/sertv.gob.pa\/crisolfm\/wp-content\/uploads\/sites\/2\/2024\/04\/CAPACITACION-SADI-1-400x236.jpg 400w, https:\/\/sertv.gob.pa\/crisolfm\/wp-content\/uploads\/sites\/2\/2024\/04\/CAPACITACION-SADI-1.jpg 600w\" sizes=\"(min-width: 2200px) 100vw, (min-width: 784px) 363px, (min-width: 712px) 545px, (min-width: 640px) 712px, \" \/><\/a><\/div><\/div><div style=\"padding:5px;\" class=\"fusion-grid-column fusion-gallery-column fusion-gallery-column-3 hover-type-none\"><div class=\"fusion-gallery-image\"><a href=\"https:\/\/sertv.gob.pa\/crisolfm\/wp-content\/uploads\/sites\/2\/2024\/04\/CAPACITACION-SADI-2.jpg\" rel=\"noreferrer\" data-rel=\"iLightbox[gallery_image_1]\" class=\"fusion-lightbox\" target=\"_self\"><img decoding=\"async\" src=\"https:\/\/sertv.gob.pa\/crisolfm\/wp-content\/uploads\/sites\/2\/2024\/04\/CAPACITACION-SADI-2.jpg\" width=\"600\" height=\"389\" alt=\"\" title=\"CAPACITACION-SADI-2\" aria-label=\"CAPACITACION-SADI-2\" class=\"img-responsive wp-image-60836\" srcset=\"https:\/\/sertv.gob.pa\/crisolfm\/wp-content\/uploads\/sites\/2\/2024\/04\/CAPACITACION-SADI-2-200x130.jpg 200w, https:\/\/sertv.gob.pa\/crisolfm\/wp-content\/uploads\/sites\/2\/2024\/04\/CAPACITACION-SADI-2-400x259.jpg 400w, https:\/\/sertv.gob.pa\/crisolfm\/wp-content\/uploads\/sites\/2\/2024\/04\/CAPACITACION-SADI-2.jpg 600w\" sizes=\"(min-width: 2200px) 100vw, (min-width: 784px) 363px, (min-width: 712px) 545px, (min-width: 640px) 712px, \" \/><\/a><\/div><\/div><div style=\"padding:5px;\" class=\"fusion-grid-column fusion-gallery-column fusion-gallery-column-3 hover-type-none\"><div class=\"fusion-gallery-image\"><a href=\"https:\/\/sertv.gob.pa\/crisolfm\/wp-content\/uploads\/sites\/2\/2024\/04\/CAPACITACION-SADI-4.jpg\" rel=\"noreferrer\" data-rel=\"iLightbox[gallery_image_1]\" class=\"fusion-lightbox\" target=\"_self\"><img decoding=\"async\" src=\"https:\/\/sertv.gob.pa\/crisolfm\/wp-content\/uploads\/sites\/2\/2024\/04\/CAPACITACION-SADI-4.jpg\" width=\"600\" height=\"400\" alt=\"\" title=\"CAPACITACION-SADI-4\" aria-label=\"CAPACITACION-SADI-4\" class=\"img-responsive wp-image-60837\" srcset=\"https:\/\/sertv.gob.pa\/crisolfm\/wp-content\/uploads\/sites\/2\/2024\/04\/CAPACITACION-SADI-4-200x133.jpg 200w, https:\/\/sertv.gob.pa\/crisolfm\/wp-content\/uploads\/sites\/2\/2024\/04\/CAPACITACION-SADI-4-400x267.jpg 400w, https:\/\/sertv.gob.pa\/crisolfm\/wp-content\/uploads\/sites\/2\/2024\/04\/CAPACITACION-SADI-4.jpg 600w\" sizes=\"(min-width: 2200px) 100vw, (min-width: 784px) 363px, (min-width: 712px) 545px, (min-width: 640px) 712px, \" \/><\/a><\/div><\/div><div class=\"clearfix\"><\/div><div style=\"padding:5px;\" class=\"fusion-grid-column fusion-gallery-column fusion-gallery-column-3 hover-type-none\"><div class=\"fusion-gallery-image\"><a href=\"https:\/\/sertv.gob.pa\/crisolfm\/wp-content\/uploads\/sites\/2\/2024\/04\/CAPACITACION-SADI-6.jpg\" rel=\"noreferrer\" data-rel=\"iLightbox[gallery_image_1]\" class=\"fusion-lightbox\" target=\"_self\"><img decoding=\"async\" src=\"https:\/\/sertv.gob.pa\/crisolfm\/wp-content\/uploads\/sites\/2\/2024\/04\/CAPACITACION-SADI-6.jpg\" width=\"600\" height=\"361\" alt=\"\" title=\"CAPACITACION-SADI-6\" aria-label=\"CAPACITACION-SADI-6\" class=\"img-responsive wp-image-60838\" srcset=\"https:\/\/sertv.gob.pa\/crisolfm\/wp-content\/uploads\/sites\/2\/2024\/04\/CAPACITACION-SADI-6-200x120.jpg 200w, https:\/\/sertv.gob.pa\/crisolfm\/wp-content\/uploads\/sites\/2\/2024\/04\/CAPACITACION-SADI-6-400x241.jpg 400w, https:\/\/sertv.gob.pa\/crisolfm\/wp-content\/uploads\/sites\/2\/2024\/04\/CAPACITACION-SADI-6.jpg 600w\" sizes=\"(min-width: 2200px) 100vw, (min-width: 784px) 363px, (min-width: 712px) 545px, (min-width: 640px) 712px, \" \/><\/a><\/div><\/div><div style=\"padding:5px;\" class=\"fusion-grid-column fusion-gallery-column fusion-gallery-column-3 hover-type-none\"><div class=\"fusion-gallery-image\"><a href=\"https:\/\/sertv.gob.pa\/crisolfm\/wp-content\/uploads\/sites\/2\/2024\/04\/CAPACITACION-SADI-7.jpg\" rel=\"noreferrer\" data-rel=\"iLightbox[gallery_image_1]\" class=\"fusion-lightbox\" target=\"_self\"><img decoding=\"async\" src=\"https:\/\/sertv.gob.pa\/crisolfm\/wp-content\/uploads\/sites\/2\/2024\/04\/CAPACITACION-SADI-7.jpg\" width=\"600\" height=\"342\" alt=\"\" title=\"CAPACITACION-SADI-7\" aria-label=\"CAPACITACION-SADI-7\" class=\"img-responsive wp-image-60839\" srcset=\"https:\/\/sertv.gob.pa\/crisolfm\/wp-content\/uploads\/sites\/2\/2024\/04\/CAPACITACION-SADI-7-200x114.jpg 200w, https:\/\/sertv.gob.pa\/crisolfm\/wp-content\/uploads\/sites\/2\/2024\/04\/CAPACITACION-SADI-7-400x228.jpg 400w, https:\/\/sertv.gob.pa\/crisolfm\/wp-content\/uploads\/sites\/2\/2024\/04\/CAPACITACION-SADI-7.jpg 600w\" sizes=\"(min-width: 2200px) 100vw, (min-width: 784px) 363px, (min-width: 712px) 545px, (min-width: 640px) 712px, \" \/><\/a><\/div><\/div><div style=\"padding:5px;\" class=\"fusion-grid-column fusion-gallery-column fusion-gallery-column-3 hover-type-none\"><div class=\"fusion-gallery-image\"><a href=\"https:\/\/sertv.gob.pa\/crisolfm\/wp-content\/uploads\/sites\/2\/2024\/04\/CAPACITACION-SADI-8.jpg\" rel=\"noreferrer\" data-rel=\"iLightbox[gallery_image_1]\" class=\"fusion-lightbox\" target=\"_self\"><img decoding=\"async\" src=\"https:\/\/sertv.gob.pa\/crisolfm\/wp-content\/uploads\/sites\/2\/2024\/04\/CAPACITACION-SADI-8.jpg\" width=\"600\" height=\"400\" alt=\"\" title=\"CAPACITACION-SADI-8\" aria-label=\"CAPACITACION-SADI-8\" class=\"img-responsive wp-image-60840\" srcset=\"https:\/\/sertv.gob.pa\/crisolfm\/wp-content\/uploads\/sites\/2\/2024\/04\/CAPACITACION-SADI-8-200x133.jpg 200w, https:\/\/sertv.gob.pa\/crisolfm\/wp-content\/uploads\/sites\/2\/2024\/04\/CAPACITACION-SADI-8-400x267.jpg 400w, https:\/\/sertv.gob.pa\/crisolfm\/wp-content\/uploads\/sites\/2\/2024\/04\/CAPACITACION-SADI-8.jpg 600w\" sizes=\"(min-width: 2200px) 100vw, (min-width: 784px) 363px, (min-width: 712px) 545px, (min-width: 640px) 712px, \" \/><\/a><\/div><\/div><div class=\"clearfix\"><\/div><div style=\"padding:5px;\" class=\"fusion-grid-column fusion-gallery-column fusion-gallery-column-3 hover-type-none\"><div class=\"fusion-gallery-image\"><a href=\"https:\/\/sertv.gob.pa\/crisolfm\/wp-content\/uploads\/sites\/2\/2024\/04\/CAPACITACION-SADI-9.jpg\" rel=\"noreferrer\" data-rel=\"iLightbox[gallery_image_1]\" class=\"fusion-lightbox\" target=\"_self\"><img decoding=\"async\" src=\"https:\/\/sertv.gob.pa\/crisolfm\/wp-content\/uploads\/sites\/2\/2024\/04\/CAPACITACION-SADI-9.jpg\" width=\"600\" height=\"332\" alt=\"\" title=\"CAPACITACION-SADI-9\" aria-label=\"CAPACITACION-SADI-9\" class=\"img-responsive wp-image-60841\" srcset=\"https:\/\/sertv.gob.pa\/crisolfm\/wp-content\/uploads\/sites\/2\/2024\/04\/CAPACITACION-SADI-9-200x111.jpg 200w, https:\/\/sertv.gob.pa\/crisolfm\/wp-content\/uploads\/sites\/2\/2024\/04\/CAPACITACION-SADI-9-400x221.jpg 400w, https:\/\/sertv.gob.pa\/crisolfm\/wp-content\/uploads\/sites\/2\/2024\/04\/CAPACITACION-SADI-9.jpg 600w\" sizes=\"(min-width: 2200px) 100vw, (min-width: 784px) 363px, (min-width: 712px) 545px, (min-width: 640px) 712px, \" \/><\/a><\/div><\/div><\/div><\/div><\/div><\/div><\/div><\/div>\n","protected":false},"excerpt":{"rendered":"","protected":false},"author":9,"featured_media":60834,"comment_status":"closed","ping_status":"closed","sticky":false,"template":"","format":"standard","meta":{"footnotes":""},"categories":[14],"tags":[],"class_list":["post-60833","post","type-post","status-publish","format-standard","has-post-thumbnail","hentry","category-salud"],"_links":{"self":[{"href":"https:\/\/sertv.gob.pa\/crisolfm\/wp-json\/wp\/v2\/posts\/60833","targetHints":{"allow":["GET"]}}],"collection":[{"href":"https:\/\/sertv.gob.pa\/crisolfm\/wp-json\/wp\/v2\/posts"}],"about":[{"href":"https:\/\/sertv.gob.pa\/crisolfm\/wp-json\/wp\/v2\/types\/post"}],"author":[{"embeddable":true,"href":"https:\/\/sertv.gob.pa\/crisolfm\/wp-json\/wp\/v2\/users\/9"}],"replies":[{"embeddable":true,"href":"https:\/\/sertv.gob.pa\/crisolfm\/wp-json\/wp\/v2\/comments?post=60833"}],"version-history":[{"count":1,"href":"https:\/\/sertv.gob.pa\/crisolfm\/wp-json\/wp\/v2\/posts\/60833\/revisions"}],"predecessor-version":[{"id":60842,"href":"https:\/\/sertv.gob.pa\/crisolfm\/wp-json\/wp\/v2\/posts\/60833\/revisions\/60842"}],"wp:featuredmedia":[{"embeddable":true,"href":"https:\/\/sertv.gob.pa\/crisolfm\/wp-json\/wp\/v2\/media\/60834"}],"wp:attachment":[{"href":"https:\/\/sertv.gob.pa\/crisolfm\/wp-json\/wp\/v2\/media?parent=60833"}],"wp:term":[{"taxonomy":"category","embeddable":true,"href":"https:\/\/sertv.gob.pa\/crisolfm\/wp-json\/wp\/v2\/categories?post=60833"},{"taxonomy":"post_tag","embeddable":true,"href":"https:\/\/sertv.gob.pa\/crisolfm\/wp-json\/wp\/v2\/tags?post=60833"}],"curies":[{"name":"wp","href":"https:\/\/api.w.org\/{rel}","templated":true}]}}