{"id":6088,"date":"2016-09-06T14:57:51","date_gmt":"2016-09-06T14:57:51","guid":{"rendered":""},"modified":"2016-09-06T14:57:51","modified_gmt":"2016-09-06T14:57:51","slug":"el-huracan-newton-toca-tierra-en-mexico","status":"publish","type":"post","link":"https:\/\/sertv.gob.pa\/crisolfm\/el-huracan-newton-toca-tierra-en-mexico\/","title":{"rendered":"El hurac\u00e1n \u2018Newton\u2019 toca tierra en M\u00e9xico"},"content":{"rendered":"<p>\n El hurac\u00e1n &ldquo;Newton&rdquo;  ha tocado tierra en el extremo sur de la pen\u00ednsula de Baja California, M\u00e9xico, cerca de Cabo San Lucas. <\/p>\n<p>El Centro Nacional de Huracanes en Miami dio a conocer que los vientos sostenidos m\u00e1ximos de Newton, este martes 6 de septiembre en horas de la ma\u00f1ana, eran de 150 kil\u00f3metros por hora y se pronostica que conservar\u00e1 fuerza de hurac\u00e1n al tocar tierra por segunda vez en el territorio continental de M\u00e9xico el mi\u00e9rcoles por la ma\u00f1ana. <\/p>\n<p>Unos 14 mil turistas permanec\u00edan en Los Cabos el lunes por la noche cuando las aerol\u00edneas cancelaron vuelos de salida al acercarse la tormenta, inform\u00f3 el secretario de Turismo, Genaro Ruiz. Se aconsej\u00f3 a los turistas que permanezcan en sus hoteles. <\/p>\n<p>Seg\u00fan los pron\u00f3sticos,  &ldquo;Newton&rdquo; \u00a0se desplazar\u00e1 hacia el norte y entrar\u00e1 al Mar de Cort\u00e9s, entre la pen\u00ednsula y el continente, este martes por la noche. Probablemente continuar\u00e1 su trayectoria hacia el norte y entrar\u00e1 a Arizona convertida en depresi\u00f3n tropical el mi\u00e9rcoles por la noche. <\/p>\n<p>\u00a0 <\/p>\n<p>\u00a0 <\/p>\n","protected":false},"excerpt":{"rendered":"<p>El hurac\u00e1n &ldquo;Newton&rdquo; ha tocado tierra en el extremo sur <a href=\"https:\/\/sertv.gob.pa\/crisolfm\/el-huracan-newton-toca-tierra-en-mexico\/\"> [&#8230;]<\/a><\/p>\n","protected":false},"author":1,"featured_media":6089,"comment_status":"closed","ping_status":"closed","sticky":false,"template":"","format":"standard","meta":{"footnotes":""},"categories":[7],"tags":[],"class_list":["post-6088","post","type-post","status-publish","format-standard","has-post-thumbnail","hentry","category-ecologicas"],"_links":{"self":[{"href":"https:\/\/sertv.gob.pa\/crisolfm\/wp-json\/wp\/v2\/posts\/6088","targetHints":{"allow":["GET"]}}],"collection":[{"href":"https:\/\/sertv.gob.pa\/crisolfm\/wp-json\/wp\/v2\/posts"}],"about":[{"href":"https:\/\/sertv.gob.pa\/crisolfm\/wp-json\/wp\/v2\/types\/post"}],"author":[{"embeddable":true,"href":"https:\/\/sertv.gob.pa\/crisolfm\/wp-json\/wp\/v2\/users\/1"}],"replies":[{"embeddable":true,"href":"https:\/\/sertv.gob.pa\/crisolfm\/wp-json\/wp\/v2\/comments?post=6088"}],"version-history":[{"count":0,"href":"https:\/\/sertv.gob.pa\/crisolfm\/wp-json\/wp\/v2\/posts\/6088\/revisions"}],"wp:featuredmedia":[{"embeddable":true,"href":"https:\/\/sertv.gob.pa\/crisolfm\/wp-json\/wp\/v2\/media\/6089"}],"wp:attachment":[{"href":"https:\/\/sertv.gob.pa\/crisolfm\/wp-json\/wp\/v2\/media?parent=6088"}],"wp:term":[{"taxonomy":"category","embeddable":true,"href":"https:\/\/sertv.gob.pa\/crisolfm\/wp-json\/wp\/v2\/categories?post=6088"},{"taxonomy":"post_tag","embeddable":true,"href":"https:\/\/sertv.gob.pa\/crisolfm\/wp-json\/wp\/v2\/tags?post=6088"}],"curies":[{"name":"wp","href":"https:\/\/api.w.org\/{rel}","templated":true}]}}