{"id":60917,"date":"2024-04-11T16:23:53","date_gmt":"2024-04-11T16:23:53","guid":{"rendered":"https:\/\/sertv.gob.pa\/crisolfm\/?p=60917"},"modified":"2024-04-11T16:23:53","modified_gmt":"2024-04-11T16:23:53","slug":"incentivan-a-los-jubilados-y-pensionados-a-mantener-el-autocuidado","status":"publish","type":"post","link":"https:\/\/sertv.gob.pa\/crisolfm\/incentivan-a-los-jubilados-y-pensionados-a-mantener-el-autocuidado\/","title":{"rendered":"Incentivan a los jubilados y pensionados a mantener el autocuidado"},"content":{"rendered":"<div class=\"fusion-fullwidth fullwidth-box fusion-builder-row-1 fusion-flex-container has-pattern-background has-mask-background nonhundred-percent-fullwidth non-hundred-percent-height-scrolling\" style=\"--awb-border-radius-top-left:0px;--awb-border-radius-top-right:0px;--awb-border-radius-bottom-right:0px;--awb-border-radius-bottom-left:0px;--awb-flex-wrap:wrap;\" ><div class=\"fusion-builder-row fusion-row fusion-flex-align-items-flex-start fusion-flex-content-wrap\" style=\"max-width:1144px;margin-left: calc(-4% \/ 2 );margin-right: calc(-4% \/ 2 );\"><div class=\"fusion-layout-column fusion_builder_column fusion-builder-column-0 fusion_builder_column_1_1 1_1 fusion-flex-column\" style=\"--awb-bg-size:cover;--awb-width-large:100%;--awb-margin-top-large:0px;--awb-spacing-right-large:1.92%;--awb-margin-bottom-large:20px;--awb-spacing-left-large:1.92%;--awb-width-medium:100%;--awb-order-medium:0;--awb-spacing-right-medium:1.92%;--awb-spacing-left-medium:1.92%;--awb-width-small:100%;--awb-order-small:0;--awb-spacing-right-small:1.92%;--awb-spacing-left-small:1.92%;\"><div class=\"fusion-column-wrapper fusion-column-has-shadow fusion-flex-justify-content-flex-start fusion-content-layout-column\"><div class=\"fusion-text fusion-text-1\"><p><strong><em>Un adulto mayor, requiere de v\u00ednculo estrecho y, el personal del Programa de la Tercera Edad de la Policl\u00ednica \u201cDr. Santiago Barraza\u201d, La Chorrera, busca ese objetivo a trav\u00e9s de un esquipo multidisciplinario que cubran las necesidades de salud y brinde cuidados esenciales a esta poblaci\u00f3n.<\/em><\/strong><\/p>\n<p><strong><em>Este equipo, llev\u00f3 a cabo recientemente, una feria de salud en la casa de los jubilados del corregimiento de Barrio Vega, a cargo de la enfermera Lourdes de Calder\u00f3n, quien manifest\u00f3 que, la idea es incentivarlos a el autocuidado con estilos de vida saludable.<\/em><\/strong><\/p>\n<p><strong><em>Se ofrecieron servicios de atenci\u00f3n, como: toma de glicemia capilar, presi\u00f3n arterial, nutrici\u00f3n, actividad f\u00edsica y vacunaci\u00f3n; adem\u00e1s de consejer\u00edas sobre de las diferentes enfermedades cr\u00f3nicas, medicamentos en el adulto mayor, estilos de vida saludables, autocuidado, trabajo social y ejercicios mentales.<\/em><\/strong><\/p>\n<p><strong><em>Entre un 65% y 90% de los adultos mayores consumen alg\u00fan medicamento, de all\u00ed que Arnelia Valez, farmac\u00e9utica, les explico los cuidados que debe tener con los medicamentos y al presentar reacci\u00f3n puede acudir a la consulta farmac\u00e9utica y presentar su situaci\u00f3n para que la misma, sea elevada a farmacovigilancia. Les record\u00f3, que siempre deben acudir con un familiar para que conozca de su tratamiento.<\/em><\/strong><\/p>\n<p><strong><em>Tambi\u00e9n se cont\u00f3 con la participaci\u00f3n del personal de SENNIAF de Panam\u00e1, la Lcda. Cornelia Rodr\u00edguez, trabajadora Social, quien les habl\u00f3 de los derechos de los jubilados en Panam\u00e1 estampados en la Ley 6 de 1987.<\/em><\/strong><\/p>\n<p><strong><em>Por otro lado, la se\u00f1ora Josefa D\u00edaz, miembro de la Asociaci\u00f3n de Jubilados y Pensionados del corregimiento Barrio Vega, expreso sentirse complacida con los beneficios que le ofrece la policl\u00ednica de La Chorrera, en el Programa de Tercera Edad siempre est\u00e1n dispuestos a apoyarles y esperan seguir contando con el apoyo para el beneficio de todos los pensionados y jubilados de este sector.<\/em><\/strong><\/p>\n<p><strong><em>La enfermera del programa, exhorta a todas las personas de la tercera edad, a que mantengan su control anual de salud e invita a participar del programa que ofrece esta unidad, en horario de 7: 00 a.m., 3: 00 p.m.<\/em><\/strong><\/p>\n<p>Fuente: CSS<\/p>\n<\/div><div class=\"awb-gallery-wrapper awb-gallery-wrapper-1 button-span-no\" style=\"--more-btn-alignment:center;\"><div style=\"margin:-5px;--awb-bordersize:0px;\" class=\"fusion-gallery fusion-gallery-container fusion-grid-3 fusion-columns-total-5 fusion-gallery-layout-grid fusion-gallery-1\"><div style=\"padding:5px;\" class=\"fusion-grid-column fusion-gallery-column fusion-gallery-column-3 hover-type-none\"><div class=\"fusion-gallery-image\"><a href=\"https:\/\/sertv.gob.pa\/crisolfm\/wp-content\/uploads\/sites\/2\/2024\/04\/JUBILADOS-AUTOCUIDADO-2.jpg\" rel=\"noreferrer\" data-rel=\"iLightbox[gallery_image_1]\" class=\"fusion-lightbox\" target=\"_self\"><img decoding=\"async\" src=\"https:\/\/sertv.gob.pa\/crisolfm\/wp-content\/uploads\/sites\/2\/2024\/04\/JUBILADOS-AUTOCUIDADO-2.jpg\" width=\"768\" height=\"576\" alt=\"\" title=\"JUBILADOS AUTOCUIDADO 2\" aria-label=\"JUBILADOS AUTOCUIDADO 2\" class=\"img-responsive wp-image-60919\" srcset=\"https:\/\/sertv.gob.pa\/crisolfm\/wp-content\/uploads\/sites\/2\/2024\/04\/JUBILADOS-AUTOCUIDADO-2-200x150.jpg 200w, https:\/\/sertv.gob.pa\/crisolfm\/wp-content\/uploads\/sites\/2\/2024\/04\/JUBILADOS-AUTOCUIDADO-2-400x300.jpg 400w, https:\/\/sertv.gob.pa\/crisolfm\/wp-content\/uploads\/sites\/2\/2024\/04\/JUBILADOS-AUTOCUIDADO-2-600x450.jpg 600w, https:\/\/sertv.gob.pa\/crisolfm\/wp-content\/uploads\/sites\/2\/2024\/04\/JUBILADOS-AUTOCUIDADO-2.jpg 768w\" sizes=\"(min-width: 2200px) 100vw, (min-width: 784px) 363px, (min-width: 712px) 545px, (min-width: 640px) 712px, \" \/><\/a><\/div><\/div><div style=\"padding:5px;\" class=\"fusion-grid-column fusion-gallery-column fusion-gallery-column-3 hover-type-none\"><div class=\"fusion-gallery-image\"><a href=\"https:\/\/sertv.gob.pa\/crisolfm\/wp-content\/uploads\/sites\/2\/2024\/04\/JUBILADOS-AUTOCUIDADO-3.jpg\" rel=\"noreferrer\" data-rel=\"iLightbox[gallery_image_1]\" class=\"fusion-lightbox\" target=\"_self\"><img decoding=\"async\" src=\"https:\/\/sertv.gob.pa\/crisolfm\/wp-content\/uploads\/sites\/2\/2024\/04\/JUBILADOS-AUTOCUIDADO-3.jpg\" width=\"768\" height=\"576\" alt=\"\" title=\"JUBILADOS AUTOCUIDADO 3\" aria-label=\"JUBILADOS AUTOCUIDADO 3\" class=\"img-responsive wp-image-60920\" srcset=\"https:\/\/sertv.gob.pa\/crisolfm\/wp-content\/uploads\/sites\/2\/2024\/04\/JUBILADOS-AUTOCUIDADO-3-200x150.jpg 200w, https:\/\/sertv.gob.pa\/crisolfm\/wp-content\/uploads\/sites\/2\/2024\/04\/JUBILADOS-AUTOCUIDADO-3-400x300.jpg 400w, https:\/\/sertv.gob.pa\/crisolfm\/wp-content\/uploads\/sites\/2\/2024\/04\/JUBILADOS-AUTOCUIDADO-3-600x450.jpg 600w, https:\/\/sertv.gob.pa\/crisolfm\/wp-content\/uploads\/sites\/2\/2024\/04\/JUBILADOS-AUTOCUIDADO-3.jpg 768w\" sizes=\"(min-width: 2200px) 100vw, (min-width: 784px) 363px, (min-width: 712px) 545px, (min-width: 640px) 712px, \" \/><\/a><\/div><\/div><div style=\"padding:5px;\" class=\"fusion-grid-column fusion-gallery-column fusion-gallery-column-3 hover-type-none\"><div class=\"fusion-gallery-image\"><a href=\"https:\/\/sertv.gob.pa\/crisolfm\/wp-content\/uploads\/sites\/2\/2024\/04\/JUBILADOS-AUTOCUIDADO-4.jpg\" rel=\"noreferrer\" data-rel=\"iLightbox[gallery_image_1]\" class=\"fusion-lightbox\" target=\"_self\"><img decoding=\"async\" src=\"https:\/\/sertv.gob.pa\/crisolfm\/wp-content\/uploads\/sites\/2\/2024\/04\/JUBILADOS-AUTOCUIDADO-4.jpg\" width=\"768\" height=\"576\" alt=\"\" title=\"JUBILADOS AUTOCUIDADO 4\" aria-label=\"JUBILADOS AUTOCUIDADO 4\" class=\"img-responsive wp-image-60921\" srcset=\"https:\/\/sertv.gob.pa\/crisolfm\/wp-content\/uploads\/sites\/2\/2024\/04\/JUBILADOS-AUTOCUIDADO-4-200x150.jpg 200w, https:\/\/sertv.gob.pa\/crisolfm\/wp-content\/uploads\/sites\/2\/2024\/04\/JUBILADOS-AUTOCUIDADO-4-400x300.jpg 400w, https:\/\/sertv.gob.pa\/crisolfm\/wp-content\/uploads\/sites\/2\/2024\/04\/JUBILADOS-AUTOCUIDADO-4-600x450.jpg 600w, https:\/\/sertv.gob.pa\/crisolfm\/wp-content\/uploads\/sites\/2\/2024\/04\/JUBILADOS-AUTOCUIDADO-4.jpg 768w\" sizes=\"(min-width: 2200px) 100vw, (min-width: 784px) 363px, (min-width: 712px) 545px, (min-width: 640px) 712px, \" \/><\/a><\/div><\/div><div class=\"clearfix\"><\/div><div style=\"padding:5px;\" class=\"fusion-grid-column fusion-gallery-column fusion-gallery-column-3 hover-type-none\"><div class=\"fusion-gallery-image\"><a href=\"https:\/\/sertv.gob.pa\/crisolfm\/wp-content\/uploads\/sites\/2\/2024\/04\/JUBILADOS-AUTOCUIDADO-5.jpg\" rel=\"noreferrer\" data-rel=\"iLightbox[gallery_image_1]\" class=\"fusion-lightbox\" target=\"_self\"><img decoding=\"async\" src=\"https:\/\/sertv.gob.pa\/crisolfm\/wp-content\/uploads\/sites\/2\/2024\/04\/JUBILADOS-AUTOCUIDADO-5.jpg\" width=\"768\" height=\"432\" alt=\"\" title=\"JUBILADOS AUTOCUIDADO 5\" aria-label=\"JUBILADOS AUTOCUIDADO 5\" class=\"img-responsive wp-image-60922\" srcset=\"https:\/\/sertv.gob.pa\/crisolfm\/wp-content\/uploads\/sites\/2\/2024\/04\/JUBILADOS-AUTOCUIDADO-5-200x113.jpg 200w, https:\/\/sertv.gob.pa\/crisolfm\/wp-content\/uploads\/sites\/2\/2024\/04\/JUBILADOS-AUTOCUIDADO-5-400x225.jpg 400w, https:\/\/sertv.gob.pa\/crisolfm\/wp-content\/uploads\/sites\/2\/2024\/04\/JUBILADOS-AUTOCUIDADO-5-600x338.jpg 600w, https:\/\/sertv.gob.pa\/crisolfm\/wp-content\/uploads\/sites\/2\/2024\/04\/JUBILADOS-AUTOCUIDADO-5.jpg 768w\" sizes=\"(min-width: 2200px) 100vw, (min-width: 784px) 363px, (min-width: 712px) 545px, (min-width: 640px) 712px, \" \/><\/a><\/div><\/div><div style=\"padding:5px;\" class=\"fusion-grid-column fusion-gallery-column fusion-gallery-column-3 hover-type-none\"><div class=\"fusion-gallery-image\"><a href=\"https:\/\/sertv.gob.pa\/crisolfm\/wp-content\/uploads\/sites\/2\/2024\/04\/JUBILADOS-AUTOCUIDADO-6.jpg\" rel=\"noreferrer\" data-rel=\"iLightbox[gallery_image_1]\" class=\"fusion-lightbox\" target=\"_self\"><img decoding=\"async\" src=\"https:\/\/sertv.gob.pa\/crisolfm\/wp-content\/uploads\/sites\/2\/2024\/04\/JUBILADOS-AUTOCUIDADO-6.jpg\" width=\"768\" height=\"576\" alt=\"\" title=\"JUBILADOS AUTOCUIDADO 6\" aria-label=\"JUBILADOS AUTOCUIDADO 6\" class=\"img-responsive wp-image-60923\" srcset=\"https:\/\/sertv.gob.pa\/crisolfm\/wp-content\/uploads\/sites\/2\/2024\/04\/JUBILADOS-AUTOCUIDADO-6-200x150.jpg 200w, https:\/\/sertv.gob.pa\/crisolfm\/wp-content\/uploads\/sites\/2\/2024\/04\/JUBILADOS-AUTOCUIDADO-6-400x300.jpg 400w, https:\/\/sertv.gob.pa\/crisolfm\/wp-content\/uploads\/sites\/2\/2024\/04\/JUBILADOS-AUTOCUIDADO-6-600x450.jpg 600w, https:\/\/sertv.gob.pa\/crisolfm\/wp-content\/uploads\/sites\/2\/2024\/04\/JUBILADOS-AUTOCUIDADO-6.jpg 768w\" sizes=\"(min-width: 2200px) 100vw, (min-width: 784px) 363px, (min-width: 712px) 545px, (min-width: 640px) 712px, \" \/><\/a><\/div><\/div><\/div><\/div><\/div><\/div><\/div><\/div>\n","protected":false},"excerpt":{"rendered":"","protected":false},"author":9,"featured_media":60918,"comment_status":"closed","ping_status":"closed","sticky":false,"template":"","format":"standard","meta":{"footnotes":""},"categories":[14],"tags":[],"class_list":["post-60917","post","type-post","status-publish","format-standard","has-post-thumbnail","hentry","category-salud"],"_links":{"self":[{"href":"https:\/\/sertv.gob.pa\/crisolfm\/wp-json\/wp\/v2\/posts\/60917","targetHints":{"allow":["GET"]}}],"collection":[{"href":"https:\/\/sertv.gob.pa\/crisolfm\/wp-json\/wp\/v2\/posts"}],"about":[{"href":"https:\/\/sertv.gob.pa\/crisolfm\/wp-json\/wp\/v2\/types\/post"}],"author":[{"embeddable":true,"href":"https:\/\/sertv.gob.pa\/crisolfm\/wp-json\/wp\/v2\/users\/9"}],"replies":[{"embeddable":true,"href":"https:\/\/sertv.gob.pa\/crisolfm\/wp-json\/wp\/v2\/comments?post=60917"}],"version-history":[{"count":1,"href":"https:\/\/sertv.gob.pa\/crisolfm\/wp-json\/wp\/v2\/posts\/60917\/revisions"}],"predecessor-version":[{"id":60924,"href":"https:\/\/sertv.gob.pa\/crisolfm\/wp-json\/wp\/v2\/posts\/60917\/revisions\/60924"}],"wp:featuredmedia":[{"embeddable":true,"href":"https:\/\/sertv.gob.pa\/crisolfm\/wp-json\/wp\/v2\/media\/60918"}],"wp:attachment":[{"href":"https:\/\/sertv.gob.pa\/crisolfm\/wp-json\/wp\/v2\/media?parent=60917"}],"wp:term":[{"taxonomy":"category","embeddable":true,"href":"https:\/\/sertv.gob.pa\/crisolfm\/wp-json\/wp\/v2\/categories?post=60917"},{"taxonomy":"post_tag","embeddable":true,"href":"https:\/\/sertv.gob.pa\/crisolfm\/wp-json\/wp\/v2\/tags?post=60917"}],"curies":[{"name":"wp","href":"https:\/\/api.w.org\/{rel}","templated":true}]}}