{"id":60944,"date":"2024-04-12T15:03:10","date_gmt":"2024-04-12T15:03:10","guid":{"rendered":"https:\/\/sertv.gob.pa\/crisolfm\/?p=60944"},"modified":"2024-04-12T15:03:11","modified_gmt":"2024-04-12T15:03:11","slug":"como-mantener-la-salud-mental-y-fisica-del-cuidador-de-paciente-encamado","status":"publish","type":"post","link":"https:\/\/sertv.gob.pa\/crisolfm\/como-mantener-la-salud-mental-y-fisica-del-cuidador-de-paciente-encamado\/","title":{"rendered":"C\u00f3mo mantener la salud mental y f\u00edsica del cuidador de paciente encamado"},"content":{"rendered":"<div class=\"fusion-fullwidth fullwidth-box fusion-builder-row-1 fusion-flex-container has-pattern-background has-mask-background nonhundred-percent-fullwidth non-hundred-percent-height-scrolling\" style=\"--awb-border-radius-top-left:0px;--awb-border-radius-top-right:0px;--awb-border-radius-bottom-right:0px;--awb-border-radius-bottom-left:0px;--awb-flex-wrap:wrap;\" ><div class=\"fusion-builder-row fusion-row fusion-flex-align-items-flex-start fusion-flex-content-wrap\" style=\"max-width:1144px;margin-left: calc(-4% \/ 2 );margin-right: calc(-4% \/ 2 );\"><div class=\"fusion-layout-column fusion_builder_column fusion-builder-column-0 fusion_builder_column_1_1 1_1 fusion-flex-column\" style=\"--awb-bg-size:cover;--awb-width-large:100%;--awb-margin-top-large:0px;--awb-spacing-right-large:1.92%;--awb-margin-bottom-large:20px;--awb-spacing-left-large:1.92%;--awb-width-medium:100%;--awb-order-medium:0;--awb-spacing-right-medium:1.92%;--awb-spacing-left-medium:1.92%;--awb-width-small:100%;--awb-order-small:0;--awb-spacing-right-small:1.92%;--awb-spacing-left-small:1.92%;\"><div class=\"fusion-column-wrapper fusion-column-has-shadow fusion-flex-justify-content-flex-start fusion-content-layout-column\"><div class=\"fusion-text fusion-text-1\"><p><strong><em>El SADI (Sistema de Atenci\u00f3n Domiciliaria Integral) de la Caja de Seguro Social exige a los familiares de pacientes encamados adscritos asignarle un cuidador las veinticuatro horas o seg\u00fan lo necesite su condici\u00f3n.<\/em><\/strong><\/p>\n<p><strong><em>La Mgtr. Gladys Mitchell de N\u00fa\u00f1ez, trabajadora social de la Policl\u00ednica \u201cManuel de Jes\u00fas Rojas\u201d en Aguadulce, comparti\u00f3 consejos para prevenir la sobrecarga del cuidador y mantener estable su salud:<\/em><\/strong><\/p>\n<ol>\n<li><strong><em>Conocer la enfermedad: es importante conocer los s\u00edntomas en cada una de sus fases.<\/em><\/strong><\/li>\n<li><strong><em>Aprender a pedir ayuda: la persona cuidadora en ocasiones se atribuye ella misma toda la responsabilidad del cuidado.<\/em><\/strong><\/li>\n<li><strong><em>Reconocer y expresar los propios sentimientos: es importante expresarlos y compartir c\u00f3mo se siente.<\/em><\/strong><\/li>\n<li><strong><em>Aprender a manejar los s\u00edntomas de la enfermedad: conocer estrategias para sobrellevar mejor los s\u00edntomas que pueda presentar la persona que se cuida, es la clave para no sentirse desbordado por la situaci\u00f3n.<\/em><\/strong><\/li>\n<li><strong><em>Dedicarse tiempo: El cuidador debe atender su propia salud y bienestar:<\/em><\/strong><\/li>\n<li><strong><em>Dedicar tiempo al ocio e intereses.<\/em><\/strong><\/li>\n<li><strong><em>Dormir las horas necesarias.<\/em><\/strong><\/li>\n<li><strong><em>Practicar t\u00e9cnicas de relajaci\u00f3n.<\/em><\/strong><\/li>\n<li><strong><em>Conversar con amigos y familiares.<\/em><\/strong><\/li>\n<li><strong><em>Llevar una alimentaci\u00f3n saludable.<\/em><\/strong><\/li>\n<li><strong><em>Realizar actividad f\u00edsica.<\/em><\/strong><\/li>\n<\/ol>\n<p><strong><em>Muchas veces los cuidadores de pacientes encamados dejan de cuidar de s\u00ed mismos, para concentrarse en la otra persona; sin embargo, debido al agotamiento que viven cada d\u00eda, ya sea en el \u00e1rea f\u00edsica, emocional o espiritual, debe sacar tiempo para practicar el autocuidado regular, afirm\u00f3 la Mgtr. Mitchell.<\/em><\/strong><\/p>\n<p>Fuente: CSS<\/p>\n<\/div><div class=\"awb-gallery-wrapper awb-gallery-wrapper-1 button-span-no\" style=\"--more-btn-alignment:center;\"><div style=\"margin:-5px;--awb-bordersize:0px;\" class=\"fusion-gallery fusion-gallery-container fusion-grid-3 fusion-columns-total-3 fusion-gallery-layout-grid fusion-gallery-1\"><div style=\"padding:5px;\" class=\"fusion-grid-column fusion-gallery-column fusion-gallery-column-3 hover-type-none\"><div class=\"fusion-gallery-image\"><a href=\"https:\/\/sertv.gob.pa\/crisolfm\/wp-content\/uploads\/sites\/2\/2024\/04\/ENCAMADO-SADI-2.jpg\" rel=\"noreferrer\" data-rel=\"iLightbox[gallery_image_1]\" class=\"fusion-lightbox\" target=\"_self\"><img decoding=\"async\" src=\"https:\/\/sertv.gob.pa\/crisolfm\/wp-content\/uploads\/sites\/2\/2024\/04\/ENCAMADO-SADI-2.jpg\" width=\"685\" height=\"645\" alt=\"\" title=\"ENCAMADO SADI 2\" aria-label=\"ENCAMADO SADI 2\" class=\"img-responsive wp-image-60946\" srcset=\"https:\/\/sertv.gob.pa\/crisolfm\/wp-content\/uploads\/sites\/2\/2024\/04\/ENCAMADO-SADI-2-200x188.jpg 200w, https:\/\/sertv.gob.pa\/crisolfm\/wp-content\/uploads\/sites\/2\/2024\/04\/ENCAMADO-SADI-2-400x377.jpg 400w, https:\/\/sertv.gob.pa\/crisolfm\/wp-content\/uploads\/sites\/2\/2024\/04\/ENCAMADO-SADI-2-600x565.jpg 600w, https:\/\/sertv.gob.pa\/crisolfm\/wp-content\/uploads\/sites\/2\/2024\/04\/ENCAMADO-SADI-2.jpg 685w\" sizes=\"(min-width: 2200px) 100vw, (min-width: 784px) 363px, (min-width: 712px) 545px, (min-width: 640px) 712px, \" \/><\/a><\/div><\/div><div style=\"padding:5px;\" class=\"fusion-grid-column fusion-gallery-column fusion-gallery-column-3 hover-type-none\"><div class=\"fusion-gallery-image\"><a href=\"https:\/\/sertv.gob.pa\/crisolfm\/wp-content\/uploads\/sites\/2\/2024\/04\/ENCAMADO-SADI-3.jpg\" rel=\"noreferrer\" data-rel=\"iLightbox[gallery_image_1]\" class=\"fusion-lightbox\" target=\"_self\"><img decoding=\"async\" src=\"https:\/\/sertv.gob.pa\/crisolfm\/wp-content\/uploads\/sites\/2\/2024\/04\/ENCAMADO-SADI-3.jpg\" width=\"768\" height=\"554\" alt=\"\" title=\"ENCAMADO SADI 3\" aria-label=\"ENCAMADO SADI 3\" class=\"img-responsive wp-image-60947\" srcset=\"https:\/\/sertv.gob.pa\/crisolfm\/wp-content\/uploads\/sites\/2\/2024\/04\/ENCAMADO-SADI-3-200x144.jpg 200w, https:\/\/sertv.gob.pa\/crisolfm\/wp-content\/uploads\/sites\/2\/2024\/04\/ENCAMADO-SADI-3-400x289.jpg 400w, https:\/\/sertv.gob.pa\/crisolfm\/wp-content\/uploads\/sites\/2\/2024\/04\/ENCAMADO-SADI-3-600x433.jpg 600w, https:\/\/sertv.gob.pa\/crisolfm\/wp-content\/uploads\/sites\/2\/2024\/04\/ENCAMADO-SADI-3.jpg 768w\" sizes=\"(min-width: 2200px) 100vw, (min-width: 784px) 363px, (min-width: 712px) 545px, (min-width: 640px) 712px, \" \/><\/a><\/div><\/div><div style=\"padding:5px;\" class=\"fusion-grid-column fusion-gallery-column fusion-gallery-column-3 hover-type-none\"><div class=\"fusion-gallery-image\"><a href=\"https:\/\/sertv.gob.pa\/crisolfm\/wp-content\/uploads\/sites\/2\/2024\/04\/ENCAMADO-SADI-4.jpg\" rel=\"noreferrer\" data-rel=\"iLightbox[gallery_image_1]\" class=\"fusion-lightbox\" target=\"_self\"><img decoding=\"async\" src=\"https:\/\/sertv.gob.pa\/crisolfm\/wp-content\/uploads\/sites\/2\/2024\/04\/ENCAMADO-SADI-4.jpg\" width=\"768\" height=\"302\" alt=\"\" title=\"ENCAMADO SADI 4\" aria-label=\"ENCAMADO SADI 4\" class=\"img-responsive wp-image-60948\" srcset=\"https:\/\/sertv.gob.pa\/crisolfm\/wp-content\/uploads\/sites\/2\/2024\/04\/ENCAMADO-SADI-4-200x79.jpg 200w, https:\/\/sertv.gob.pa\/crisolfm\/wp-content\/uploads\/sites\/2\/2024\/04\/ENCAMADO-SADI-4-400x157.jpg 400w, https:\/\/sertv.gob.pa\/crisolfm\/wp-content\/uploads\/sites\/2\/2024\/04\/ENCAMADO-SADI-4-600x236.jpg 600w, https:\/\/sertv.gob.pa\/crisolfm\/wp-content\/uploads\/sites\/2\/2024\/04\/ENCAMADO-SADI-4.jpg 768w\" sizes=\"(min-width: 2200px) 100vw, (min-width: 784px) 363px, (min-width: 712px) 545px, (min-width: 640px) 712px, \" \/><\/a><\/div><\/div><div class=\"clearfix\"><\/div><\/div><\/div><\/div><\/div><\/div><\/div>\n","protected":false},"excerpt":{"rendered":"","protected":false},"author":9,"featured_media":60945,"comment_status":"closed","ping_status":"closed","sticky":false,"template":"","format":"standard","meta":{"footnotes":""},"categories":[14],"tags":[],"class_list":["post-60944","post","type-post","status-publish","format-standard","has-post-thumbnail","hentry","category-salud"],"_links":{"self":[{"href":"https:\/\/sertv.gob.pa\/crisolfm\/wp-json\/wp\/v2\/posts\/60944","targetHints":{"allow":["GET"]}}],"collection":[{"href":"https:\/\/sertv.gob.pa\/crisolfm\/wp-json\/wp\/v2\/posts"}],"about":[{"href":"https:\/\/sertv.gob.pa\/crisolfm\/wp-json\/wp\/v2\/types\/post"}],"author":[{"embeddable":true,"href":"https:\/\/sertv.gob.pa\/crisolfm\/wp-json\/wp\/v2\/users\/9"}],"replies":[{"embeddable":true,"href":"https:\/\/sertv.gob.pa\/crisolfm\/wp-json\/wp\/v2\/comments?post=60944"}],"version-history":[{"count":1,"href":"https:\/\/sertv.gob.pa\/crisolfm\/wp-json\/wp\/v2\/posts\/60944\/revisions"}],"predecessor-version":[{"id":60949,"href":"https:\/\/sertv.gob.pa\/crisolfm\/wp-json\/wp\/v2\/posts\/60944\/revisions\/60949"}],"wp:featuredmedia":[{"embeddable":true,"href":"https:\/\/sertv.gob.pa\/crisolfm\/wp-json\/wp\/v2\/media\/60945"}],"wp:attachment":[{"href":"https:\/\/sertv.gob.pa\/crisolfm\/wp-json\/wp\/v2\/media?parent=60944"}],"wp:term":[{"taxonomy":"category","embeddable":true,"href":"https:\/\/sertv.gob.pa\/crisolfm\/wp-json\/wp\/v2\/categories?post=60944"},{"taxonomy":"post_tag","embeddable":true,"href":"https:\/\/sertv.gob.pa\/crisolfm\/wp-json\/wp\/v2\/tags?post=60944"}],"curies":[{"name":"wp","href":"https:\/\/api.w.org\/{rel}","templated":true}]}}