{"id":60981,"date":"2024-04-15T17:42:19","date_gmt":"2024-04-15T17:42:19","guid":{"rendered":"https:\/\/sertv.gob.pa\/crisolfm\/?p=60981"},"modified":"2024-04-15T17:42:19","modified_gmt":"2024-04-15T17:42:19","slug":"aumenta-demanda-de-atencion-en-clinica-de-heridas","status":"publish","type":"post","link":"https:\/\/sertv.gob.pa\/crisolfm\/aumenta-demanda-de-atencion-en-clinica-de-heridas\/","title":{"rendered":"Aumenta demanda de atenci\u00f3n en \u201cCl\u00ednica de Heridas\u201d"},"content":{"rendered":"<div class=\"fusion-fullwidth fullwidth-box fusion-builder-row-1 fusion-flex-container has-pattern-background has-mask-background nonhundred-percent-fullwidth non-hundred-percent-height-scrolling\" style=\"--awb-border-radius-top-left:0px;--awb-border-radius-top-right:0px;--awb-border-radius-bottom-right:0px;--awb-border-radius-bottom-left:0px;--awb-flex-wrap:wrap;\" ><div class=\"fusion-builder-row fusion-row fusion-flex-align-items-flex-start fusion-flex-content-wrap\" style=\"max-width:1144px;margin-left: calc(-4% \/ 2 );margin-right: calc(-4% \/ 2 );\"><div class=\"fusion-layout-column fusion_builder_column fusion-builder-column-0 fusion_builder_column_1_1 1_1 fusion-flex-column\" style=\"--awb-bg-size:cover;--awb-width-large:100%;--awb-margin-top-large:0px;--awb-spacing-right-large:1.92%;--awb-margin-bottom-large:20px;--awb-spacing-left-large:1.92%;--awb-width-medium:100%;--awb-order-medium:0;--awb-spacing-right-medium:1.92%;--awb-spacing-left-medium:1.92%;--awb-width-small:100%;--awb-order-small:0;--awb-spacing-right-small:1.92%;--awb-spacing-left-small:1.92%;\"><div class=\"fusion-column-wrapper fusion-column-has-shadow fusion-flex-justify-content-flex-start fusion-content-layout-column\"><div class=\"fusion-text fusion-text-1\"><p><strong><em>Un progresivo incremento en la demanda de atenci\u00f3n, se registra en la Cl\u00ednica de Heridas, Ostom\u00edas e Incontinencia del Ministerio de Salud, Regi\u00f3n de Chiriqu\u00ed.<\/em><\/strong><\/p>\n<p><strong><em>La coordinadora de las instalaciones ubicadas en los predios del MINSA CAPSI de Dolega, Isabel Moreno, indic\u00f3 que, actualmente se atiende un promedio semanal de 50 pacientes, procedentes de todos los distritos de la provincia.<\/em><\/strong><\/p>\n<p><strong><em>Las lesiones tratadas con mayor frecuencia son el pie de diab\u00e9tico, \u00falceras venosas, quemaduras y cirug\u00edas infectadas, que a juicio de los m\u00e9dicos de la red de atenci\u00f3n primaria, requieren un tratamiento especializado.<\/em><\/strong><\/p>\n<p><strong><em>En tanto, Fermina Acosta, residente en Potrerillos Abajo, dijo sentirse satisfecha por el trato y la atenci\u00f3n cl\u00ednica recibida; ya que, en pocas semanas, ha experimentado una franca sanaci\u00f3n de las \u00falceras venosas de sus piernas.<\/em><\/strong><\/p>\n<p><strong><em>La Cl\u00ednica de las Heridas ubicadas en los predios del MINSA-CAPSI de los Anastasios de Dolega, es la \u00fanica de su tipo, cuya prioridad son los pacientes de toda la provincia, no asegurados.<\/em><\/strong><\/p>\n<p><strong><em>Morenos indic\u00f3 que, aproximadamente el 75% de los pacientes logran sanar sus lesiones; pero advirti\u00f3 que, en gran medida, los resultados dependen del control de las enfermedades relacionadas directamente, como son: la diabetes y los problemas de circulaci\u00f3n sangu\u00ednea.<\/em><\/strong><\/p>\n<p><strong><em>\u00a0<\/em><\/strong><\/p>\n<p>Fuente: MINSA<\/p>\n<\/div><div class=\"awb-gallery-wrapper awb-gallery-wrapper-1 button-span-no\" style=\"--more-btn-alignment:center;\"><div style=\"margin:-5px;--awb-bordersize:0px;\" class=\"fusion-gallery fusion-gallery-container fusion-grid-3 fusion-columns-total-3 fusion-gallery-layout-grid fusion-gallery-1\"><div style=\"padding:5px;\" class=\"fusion-grid-column fusion-gallery-column fusion-gallery-column-3 hover-type-none\"><div class=\"fusion-gallery-image\"><a rel=\"noreferrer\" data-rel=\"iLightbox[gallery_image_1]\" class=\"fusion-lightbox\" target=\"_self\"><img decoding=\"async\" src=\"\" width=\"\" height=\"\" alt=\"\" title=\"\" aria-label=\"\" class=\"img-responsive wp-image-60982\"  \/><\/a><\/div><\/div><div style=\"padding:5px;\" class=\"fusion-grid-column fusion-gallery-column fusion-gallery-column-3 hover-type-none\"><div class=\"fusion-gallery-image\"><a href=\"https:\/\/sertv.gob.pa\/crisolfm\/wp-content\/uploads\/sites\/2\/2024\/04\/CLINICA-HERIDAS-CHIRIQUI-2.jpeg\" rel=\"noreferrer\" data-rel=\"iLightbox[gallery_image_1]\" class=\"fusion-lightbox\" target=\"_self\"><img decoding=\"async\" src=\"https:\/\/sertv.gob.pa\/crisolfm\/wp-content\/uploads\/sites\/2\/2024\/04\/CLINICA-HERIDAS-CHIRIQUI-2.jpeg\" width=\"600\" height=\"338\" alt=\"\" title=\"CL\u00cdNICA HERIDAS CHIRIQU\u00cd 2\" aria-label=\"CL\u00cdNICA HERIDAS CHIRIQU\u00cd 2\" class=\"img-responsive wp-image-60984\" srcset=\"https:\/\/sertv.gob.pa\/crisolfm\/wp-content\/uploads\/sites\/2\/2024\/04\/CLINICA-HERIDAS-CHIRIQUI-2-200x113.jpeg 200w, https:\/\/sertv.gob.pa\/crisolfm\/wp-content\/uploads\/sites\/2\/2024\/04\/CLINICA-HERIDAS-CHIRIQUI-2-400x225.jpeg 400w, https:\/\/sertv.gob.pa\/crisolfm\/wp-content\/uploads\/sites\/2\/2024\/04\/CLINICA-HERIDAS-CHIRIQUI-2.jpeg 600w\" sizes=\"(min-width: 2200px) 100vw, (min-width: 784px) 363px, (min-width: 712px) 545px, (min-width: 640px) 712px, \" \/><\/a><\/div><\/div><div style=\"padding:5px;\" class=\"fusion-grid-column fusion-gallery-column fusion-gallery-column-3 hover-type-none\"><div class=\"fusion-gallery-image\"><a href=\"https:\/\/sertv.gob.pa\/crisolfm\/wp-content\/uploads\/sites\/2\/2024\/04\/CLINICA-HERIDAS-CHIRIQUI-4.jpeg\" rel=\"noreferrer\" data-rel=\"iLightbox[gallery_image_1]\" class=\"fusion-lightbox\" target=\"_self\"><img decoding=\"async\" src=\"https:\/\/sertv.gob.pa\/crisolfm\/wp-content\/uploads\/sites\/2\/2024\/04\/CLINICA-HERIDAS-CHIRIQUI-4.jpeg\" width=\"600\" height=\"449\" alt=\"\" title=\"CL\u00cdNICA HERIDAS CHIRIQU\u00cd 4\" aria-label=\"CL\u00cdNICA HERIDAS CHIRIQU\u00cd 4\" class=\"img-responsive wp-image-60985\" srcset=\"https:\/\/sertv.gob.pa\/crisolfm\/wp-content\/uploads\/sites\/2\/2024\/04\/CLINICA-HERIDAS-CHIRIQUI-4-200x150.jpeg 200w, https:\/\/sertv.gob.pa\/crisolfm\/wp-content\/uploads\/sites\/2\/2024\/04\/CLINICA-HERIDAS-CHIRIQUI-4-400x299.jpeg 400w, https:\/\/sertv.gob.pa\/crisolfm\/wp-content\/uploads\/sites\/2\/2024\/04\/CLINICA-HERIDAS-CHIRIQUI-4.jpeg 600w\" sizes=\"(min-width: 2200px) 100vw, (min-width: 784px) 363px, (min-width: 712px) 545px, (min-width: 640px) 712px, \" \/><\/a><\/div><\/div><div class=\"clearfix\"><\/div><\/div><\/div><\/div><\/div><\/div><\/div>\n","protected":false},"excerpt":{"rendered":"","protected":false},"author":9,"featured_media":60983,"comment_status":"closed","ping_status":"closed","sticky":false,"template":"","format":"standard","meta":{"footnotes":""},"categories":[14],"tags":[],"class_list":["post-60981","post","type-post","status-publish","format-standard","has-post-thumbnail","hentry","category-salud"],"_links":{"self":[{"href":"https:\/\/sertv.gob.pa\/crisolfm\/wp-json\/wp\/v2\/posts\/60981","targetHints":{"allow":["GET"]}}],"collection":[{"href":"https:\/\/sertv.gob.pa\/crisolfm\/wp-json\/wp\/v2\/posts"}],"about":[{"href":"https:\/\/sertv.gob.pa\/crisolfm\/wp-json\/wp\/v2\/types\/post"}],"author":[{"embeddable":true,"href":"https:\/\/sertv.gob.pa\/crisolfm\/wp-json\/wp\/v2\/users\/9"}],"replies":[{"embeddable":true,"href":"https:\/\/sertv.gob.pa\/crisolfm\/wp-json\/wp\/v2\/comments?post=60981"}],"version-history":[{"count":1,"href":"https:\/\/sertv.gob.pa\/crisolfm\/wp-json\/wp\/v2\/posts\/60981\/revisions"}],"predecessor-version":[{"id":60986,"href":"https:\/\/sertv.gob.pa\/crisolfm\/wp-json\/wp\/v2\/posts\/60981\/revisions\/60986"}],"wp:featuredmedia":[{"embeddable":true,"href":"https:\/\/sertv.gob.pa\/crisolfm\/wp-json\/wp\/v2\/media\/60983"}],"wp:attachment":[{"href":"https:\/\/sertv.gob.pa\/crisolfm\/wp-json\/wp\/v2\/media?parent=60981"}],"wp:term":[{"taxonomy":"category","embeddable":true,"href":"https:\/\/sertv.gob.pa\/crisolfm\/wp-json\/wp\/v2\/categories?post=60981"},{"taxonomy":"post_tag","embeddable":true,"href":"https:\/\/sertv.gob.pa\/crisolfm\/wp-json\/wp\/v2\/tags?post=60981"}],"curies":[{"name":"wp","href":"https:\/\/api.w.org\/{rel}","templated":true}]}}