{"id":61052,"date":"2024-04-18T16:00:22","date_gmt":"2024-04-18T16:00:22","guid":{"rendered":"https:\/\/sertv.gob.pa\/crisolfm\/?p=61052"},"modified":"2024-04-18T16:00:22","modified_gmt":"2024-04-18T16:00:22","slug":"medicos-de-la-regional-de-colon-se-capacitan-en-tratamiento-de-malaria","status":"publish","type":"post","link":"https:\/\/sertv.gob.pa\/crisolfm\/medicos-de-la-regional-de-colon-se-capacitan-en-tratamiento-de-malaria\/","title":{"rendered":"M\u00e9dicos de la Regional de Col\u00f3n se capacitan en Tratamiento de Malaria"},"content":{"rendered":"<p><strong><em>En un esfuerzo por combatir la malaria, la regional del MINSA en Col\u00f3n, efectu\u00f3 una capacitaci\u00f3n intensiva dirigida a m\u00e9dicos y tecn\u00f3logos, con miras a fortalecer los conocimientos y habilidades de los profesionales de la salud, a fin de mejorar el diagn\u00f3stico temprano y el tratamiento efectivo de la malaria.<\/em><\/strong><\/p>\n<p><strong><em>En este sentido, Carlos Tumbaco, Consultor de la Iniciativa Regional para la Eliminaci\u00f3n de la Malaria, explic\u00f3 a los m\u00e9dicos la importancia del tratamiento, la actualizaci\u00f3n de los nuevos esquemas y el diagn\u00f3stico temprano.<\/em><\/strong><\/p>\n<p><strong><em>\u201cCapacitar a m\u00e9dicos y tecn\u00f3logos para que est\u00e9n mejor equipados con las habilidades necesarias para diagnosticar y tratar eficazmente la malaria es el objetivo de esta actividad \u201c, a su vez, \u201cla iniciativa tiene como objetivo reducir la carga de la malaria en la poblaci\u00f3n, disminuyendo as\u00ed el n\u00famero de casos y las consecuencias negativas para la salud p\u00fablica\u201d indic\u00f3 Tumbaco durante su presentaci\u00f3n.<\/em><\/strong><\/p>\n<p><strong><em>Durante la actividad, se capacitaron alrededor de 30 m\u00e9dicos y 6 tecn\u00f3logos que incluyen personal de la C.SS.<\/em><\/strong><\/p>\n<p><strong><em>La malaria, sigue siendo una preocupaci\u00f3n de salud p\u00fablica en el pa\u00eds, sin embargo, con una capacitaci\u00f3n m\u00e9dica m\u00e1s s\u00f3lida y un enfoque renovado en el diagn\u00f3stico precoz, se podr\u00e1\u00a0 reducir significativamente la carga de esta enfermedad en comunidades vulnerables.<\/em><\/strong><\/p>\n<p><strong><em>Se espera que esta iniciativa, no solo mejore la calidad de atenci\u00f3n m\u00e9dica,\u00a0 sino que contribuya a reducir los casos relacionada con la malaria y fortalezca la capacidad del sistema de salud para enfrentar futuros brotes.<\/em><\/strong><\/p>\n<p>&nbsp;<\/p>\n<p>Fuente: MINSA<\/p>\n<p>&nbsp;<\/p>\n<p>&nbsp;<\/p>\n","protected":false},"excerpt":{"rendered":"<p>En un esfuerzo por combatir la malaria, la regional del <a href=\"https:\/\/sertv.gob.pa\/crisolfm\/medicos-de-la-regional-de-colon-se-capacitan-en-tratamiento-de-malaria\/\"> [&#8230;]<\/a><\/p>\n","protected":false},"author":9,"featured_media":61053,"comment_status":"closed","ping_status":"closed","sticky":false,"template":"","format":"standard","meta":{"footnotes":""},"categories":[14],"tags":[],"class_list":["post-61052","post","type-post","status-publish","format-standard","has-post-thumbnail","hentry","category-salud"],"_links":{"self":[{"href":"https:\/\/sertv.gob.pa\/crisolfm\/wp-json\/wp\/v2\/posts\/61052","targetHints":{"allow":["GET"]}}],"collection":[{"href":"https:\/\/sertv.gob.pa\/crisolfm\/wp-json\/wp\/v2\/posts"}],"about":[{"href":"https:\/\/sertv.gob.pa\/crisolfm\/wp-json\/wp\/v2\/types\/post"}],"author":[{"embeddable":true,"href":"https:\/\/sertv.gob.pa\/crisolfm\/wp-json\/wp\/v2\/users\/9"}],"replies":[{"embeddable":true,"href":"https:\/\/sertv.gob.pa\/crisolfm\/wp-json\/wp\/v2\/comments?post=61052"}],"version-history":[{"count":1,"href":"https:\/\/sertv.gob.pa\/crisolfm\/wp-json\/wp\/v2\/posts\/61052\/revisions"}],"predecessor-version":[{"id":61054,"href":"https:\/\/sertv.gob.pa\/crisolfm\/wp-json\/wp\/v2\/posts\/61052\/revisions\/61054"}],"wp:featuredmedia":[{"embeddable":true,"href":"https:\/\/sertv.gob.pa\/crisolfm\/wp-json\/wp\/v2\/media\/61053"}],"wp:attachment":[{"href":"https:\/\/sertv.gob.pa\/crisolfm\/wp-json\/wp\/v2\/media?parent=61052"}],"wp:term":[{"taxonomy":"category","embeddable":true,"href":"https:\/\/sertv.gob.pa\/crisolfm\/wp-json\/wp\/v2\/categories?post=61052"},{"taxonomy":"post_tag","embeddable":true,"href":"https:\/\/sertv.gob.pa\/crisolfm\/wp-json\/wp\/v2\/tags?post=61052"}],"curies":[{"name":"wp","href":"https:\/\/api.w.org\/{rel}","templated":true}]}}