{"id":6106,"date":"2016-09-07T16:23:32","date_gmt":"2016-09-07T16:23:32","guid":{"rendered":""},"modified":"2016-09-07T16:23:32","modified_gmt":"2016-09-07T16:23:32","slug":"semana-de-la-energia-sostenible-en-panama","status":"publish","type":"post","link":"https:\/\/sertv.gob.pa\/crisolfm\/semana-de-la-energia-sostenible-en-panama\/","title":{"rendered":"Semana de la Energ\u00eda Sostenible en Panam\u00e1"},"content":{"rendered":"<p>\nPor primera vez, se lleva a cabo en Panam\u00e1 la Semana de la Energ\u00eda Sostenible. El evento se extender\u00e1 hasta el viernes 9 de septiembre en el hotel Sheraton. <\/p>\n<p>La Semana de la Energ\u00eda Sostenible tiene como prop\u00f3sito general difundir los avances tecnol\u00f3gicos para el logro de sistemas el\u00e9ctricos inteligentes en la regi\u00f3n, lograr una participaci\u00f3n de energ\u00edas renovables como la e\u00f3lica, solar y fortalecer los procesos de integraci\u00f3n regional. <\/p>\n<p>\u00abEsperamos que la Semana de la Eficiencia Energ\u00e9tica nos permita abordar m\u00e1s a fondo los retos que enfrentamos y se convierta en un espacio de discusi\u00f3n del sector energ\u00e9tico en la regi\u00f3n Latinoamericana y del Caribe\u00bb, indic\u00f3 V\u00edctor Urrutia, de la secretaria de Energ\u00eda de Panam\u00e1 durante la inauguraci\u00f3n del evento. <\/p>\n<p>\u00a0 <\/p>\n","protected":false},"excerpt":{"rendered":"<p>Por primera vez, se lleva a cabo en Panam\u00e1 la <a href=\"https:\/\/sertv.gob.pa\/crisolfm\/semana-de-la-energia-sostenible-en-panama\/\"> [&#8230;]<\/a><\/p>\n","protected":false},"author":1,"featured_media":6107,"comment_status":"closed","ping_status":"closed","sticky":false,"template":"","format":"standard","meta":{"footnotes":""},"categories":[7],"tags":[],"class_list":["post-6106","post","type-post","status-publish","format-standard","has-post-thumbnail","hentry","category-ecologicas"],"_links":{"self":[{"href":"https:\/\/sertv.gob.pa\/crisolfm\/wp-json\/wp\/v2\/posts\/6106","targetHints":{"allow":["GET"]}}],"collection":[{"href":"https:\/\/sertv.gob.pa\/crisolfm\/wp-json\/wp\/v2\/posts"}],"about":[{"href":"https:\/\/sertv.gob.pa\/crisolfm\/wp-json\/wp\/v2\/types\/post"}],"author":[{"embeddable":true,"href":"https:\/\/sertv.gob.pa\/crisolfm\/wp-json\/wp\/v2\/users\/1"}],"replies":[{"embeddable":true,"href":"https:\/\/sertv.gob.pa\/crisolfm\/wp-json\/wp\/v2\/comments?post=6106"}],"version-history":[{"count":0,"href":"https:\/\/sertv.gob.pa\/crisolfm\/wp-json\/wp\/v2\/posts\/6106\/revisions"}],"wp:featuredmedia":[{"embeddable":true,"href":"https:\/\/sertv.gob.pa\/crisolfm\/wp-json\/wp\/v2\/media\/6107"}],"wp:attachment":[{"href":"https:\/\/sertv.gob.pa\/crisolfm\/wp-json\/wp\/v2\/media?parent=6106"}],"wp:term":[{"taxonomy":"category","embeddable":true,"href":"https:\/\/sertv.gob.pa\/crisolfm\/wp-json\/wp\/v2\/categories?post=6106"},{"taxonomy":"post_tag","embeddable":true,"href":"https:\/\/sertv.gob.pa\/crisolfm\/wp-json\/wp\/v2\/tags?post=6106"}],"curies":[{"name":"wp","href":"https:\/\/api.w.org\/{rel}","templated":true}]}}