{"id":61085,"date":"2024-04-19T15:50:37","date_gmt":"2024-04-19T15:50:37","guid":{"rendered":"https:\/\/sertv.gob.pa\/crisolfm\/?p=61085"},"modified":"2024-04-19T15:50:37","modified_gmt":"2024-04-19T15:50:37","slug":"fonoaudiologos-comparten-consejos-para-el-cuidado-de-la-voz","status":"publish","type":"post","link":"https:\/\/sertv.gob.pa\/crisolfm\/fonoaudiologos-comparten-consejos-para-el-cuidado-de-la-voz\/","title":{"rendered":"Fonoaudi\u00f3logos comparten consejos para el \u201cCuidado de la Voz\u201d"},"content":{"rendered":"<div class=\"fusion-fullwidth fullwidth-box fusion-builder-row-1 fusion-flex-container has-pattern-background has-mask-background nonhundred-percent-fullwidth non-hundred-percent-height-scrolling\" style=\"--awb-border-radius-top-left:0px;--awb-border-radius-top-right:0px;--awb-border-radius-bottom-right:0px;--awb-border-radius-bottom-left:0px;--awb-flex-wrap:wrap;\" ><div class=\"fusion-builder-row fusion-row fusion-flex-align-items-flex-start fusion-flex-content-wrap\" style=\"max-width:1144px;margin-left: calc(-4% \/ 2 );margin-right: calc(-4% \/ 2 );\"><div class=\"fusion-layout-column fusion_builder_column fusion-builder-column-0 fusion_builder_column_1_1 1_1 fusion-flex-column\" style=\"--awb-bg-size:cover;--awb-width-large:100%;--awb-margin-top-large:0px;--awb-spacing-right-large:1.92%;--awb-margin-bottom-large:20px;--awb-spacing-left-large:1.92%;--awb-width-medium:100%;--awb-order-medium:0;--awb-spacing-right-medium:1.92%;--awb-spacing-left-medium:1.92%;--awb-width-small:100%;--awb-order-small:0;--awb-spacing-right-small:1.92%;--awb-spacing-left-small:1.92%;\"><div class=\"fusion-column-wrapper fusion-column-has-shadow fusion-flex-justify-content-flex-start fusion-content-layout-column\"><div class=\"fusion-text fusion-text-1\"><p><strong><em>El Departamento de Voz, Audici\u00f3n y Lenguaje (DVAL) de la Direcci\u00f3n Nacional de los Servicios T\u00e9cnicos y M\u00e9dicos, al conmemorar el \u201cD\u00eda Mundial de La Voz\u201d, compartieron consejos para el \u201cCuidado de la Voz\u201d, con el objetivo de crear conciencia sobre la importancia que tiene la voz, as\u00ed como los cuidados que las personas deben tener para evitar problemas relacionados con la misma.\u00a0<\/em><\/strong><\/p>\n<p><strong><em>\u201cLa voz es el principal medio de comunicaci\u00f3n que utilizamos para expresar nuestros pensamientos y emociones. Por ello, es crucial evitar lesiones o da\u00f1os en las cuerdas vocales que podr\u00edan ser irreversibles con el tiempo\u201d, as\u00ed lo indican los especialistas en fonoaudiolog\u00eda de la entidad.\u00a0<\/em><\/strong><\/p>\n<p><strong><em>Los trastornos de la voz abarcan una amplia categor\u00eda de enfermedades cong\u00e9nitas y adquiridas, tanto agudas como cr\u00f3nicas, que afectan el volumen, el tono, la calidad y la resonancia de la voz.\u00a0<\/em><\/strong><\/p>\n<p><strong><em>Los fonoaudi\u00f3logos, indican que, actualmente muchas personas sufren de trastornos relacionados con la voz, algunos factores de riesgo que encontramos: Envejecimiento; Consumo de alcohol; Afecciones relacionadas con el sistema nervioso, como la enfermedad de Parkinson o los accidentes cerebrovasculares; Enfermedad por reflujo gastroesof\u00e1gico.<\/em><\/strong><\/p>\n<p><strong><em>De igual forma est\u00e1n los resfriados, infecciones o alergias de las v\u00edas respiratorias superiores; Fumar; el C\u00e1ncer de garganta; Deshidrataci\u00f3n de la garganta; Problemas de tiroides; Mal uso o uso excesivo de la voz.<\/em><\/strong><\/p>\n<p><strong><em>Indican los especialistas en fonoaudiolog\u00eda de la entidad, que dentro de los s\u00edntomas que se pueden presentar cuando se tiene alg\u00fan problema relacionado con la voz, tenemos los siguientes: Voz temblorosa; Episodios de disfon\u00eda y afon\u00eda; Tono de voz grave o \u00e1spero, no habitual; Voz ronca prolongada (m\u00e1s de 2 semanas); Dolor o dificultad para tragar o problemas para respirar; Tos continua o persistente; Variaciones en la intensidad (volumen); Perdida de los agudos o falta de aire al fonar; Dolor de garganta al hablar y Sensaci\u00f3n de cuerpo extra\u00f1o en la garganta.<\/em><\/strong><\/p>\n<p><strong><em>El otorrinolaring\u00f3logo puede diagnosticar un problema de la voz, realizando un estudio del paciente que incluya la evaluaci\u00f3n de sus antecedentes m\u00e9dicos y un examen m\u00e9dico que incluya pruebas especiales.<\/em><\/strong><\/p>\n<p><strong><em>Los profesionales que se especializan en la rehabilitaci\u00f3n de los problemas de la voz, se llaman fonoaudi\u00f3logos o terapeutas del habla y del lenguaje, estos profesionales, est\u00e1n capacitados para evaluar y tratar una amplia variedad de trastornos de la voz, con procedimientos y t\u00e9cnicas espec\u00edficas seg\u00fan el caso o dificultad vocal.<\/em><\/strong><\/p>\n<p><strong><em>Debemos tomar en cuenta algunas recomendaciones generales para el cuidado de la voz:\u00a0Evitar olores fuertes; Evitar alimentos excesivamente calientes, picantes o condimentados; Evitar el caf\u00e9 y las sodas; Tomar las bebidas a temperatura ambiente; No utilizar ropa ajustada; Dormir con las ventanas abiertas; Evitar los cambios bruscos de temperatura; Tomar mucha agua diariamente y Usar micr\u00f3fono para hablar en lugares abiertos.<\/em><\/strong><\/p>\n<p><strong><em>\u00a0<\/em><\/strong><\/p>\n<p>Fuente: IPHE<\/p>\n<\/div><div class=\"awb-gallery-wrapper awb-gallery-wrapper-1 button-span-no\" style=\"--more-btn-alignment:center;\"><div style=\"margin:-5px;--awb-bordersize:0px;\" class=\"fusion-gallery fusion-gallery-container fusion-grid-3 fusion-columns-total-4 fusion-gallery-layout-grid fusion-gallery-1\"><div style=\"padding:5px;\" class=\"fusion-grid-column fusion-gallery-column fusion-gallery-column-3 hover-type-none\"><div class=\"fusion-gallery-image\"><a href=\"https:\/\/sertv.gob.pa\/crisolfm\/wp-content\/uploads\/sites\/2\/2024\/04\/CONSEJOS-FONO-2.jpeg\" rel=\"noreferrer\" data-rel=\"iLightbox[gallery_image_1]\" class=\"fusion-lightbox\" target=\"_self\"><img decoding=\"async\" src=\"https:\/\/sertv.gob.pa\/crisolfm\/wp-content\/uploads\/sites\/2\/2024\/04\/CONSEJOS-FONO-2.jpeg\" width=\"600\" height=\"450\" alt=\"\" title=\"CREATOR: gd-jpeg v1.0 (using IJG JPEG v80), quality = 90\" aria-label=\"CREATOR: gd-jpeg v1.0 (using IJG JPEG v80), quality = 90\" class=\"img-responsive wp-image-61087\" srcset=\"https:\/\/sertv.gob.pa\/crisolfm\/wp-content\/uploads\/sites\/2\/2024\/04\/CONSEJOS-FONO-2-200x150.jpeg 200w, https:\/\/sertv.gob.pa\/crisolfm\/wp-content\/uploads\/sites\/2\/2024\/04\/CONSEJOS-FONO-2-400x300.jpeg 400w, https:\/\/sertv.gob.pa\/crisolfm\/wp-content\/uploads\/sites\/2\/2024\/04\/CONSEJOS-FONO-2.jpeg 600w\" sizes=\"(min-width: 2200px) 100vw, (min-width: 784px) 363px, (min-width: 712px) 545px, (min-width: 640px) 712px, \" \/><\/a><\/div><\/div><div style=\"padding:5px;\" class=\"fusion-grid-column fusion-gallery-column fusion-gallery-column-3 hover-type-none\"><div class=\"fusion-gallery-image\"><a href=\"https:\/\/sertv.gob.pa\/crisolfm\/wp-content\/uploads\/sites\/2\/2024\/04\/CONSEJOS-FONO-3.jpeg\" rel=\"noreferrer\" data-rel=\"iLightbox[gallery_image_1]\" class=\"fusion-lightbox\" target=\"_self\"><img decoding=\"async\" src=\"https:\/\/sertv.gob.pa\/crisolfm\/wp-content\/uploads\/sites\/2\/2024\/04\/CONSEJOS-FONO-3.jpeg\" width=\"450\" height=\"600\" alt=\"\" title=\"CREATOR: gd-jpeg v1.0 (using IJG JPEG v80), quality = 90\" aria-label=\"CREATOR: gd-jpeg v1.0 (using IJG JPEG v80), quality = 90\" class=\"img-responsive wp-image-61088\" srcset=\"https:\/\/sertv.gob.pa\/crisolfm\/wp-content\/uploads\/sites\/2\/2024\/04\/CONSEJOS-FONO-3-200x267.jpeg 200w, https:\/\/sertv.gob.pa\/crisolfm\/wp-content\/uploads\/sites\/2\/2024\/04\/CONSEJOS-FONO-3-400x533.jpeg 400w, https:\/\/sertv.gob.pa\/crisolfm\/wp-content\/uploads\/sites\/2\/2024\/04\/CONSEJOS-FONO-3.jpeg 450w\" sizes=\"(min-width: 2200px) 100vw, (min-width: 784px) 363px, (min-width: 712px) 545px, (min-width: 640px) 712px, \" \/><\/a><\/div><\/div><div style=\"padding:5px;\" class=\"fusion-grid-column fusion-gallery-column fusion-gallery-column-3 hover-type-none\"><div class=\"fusion-gallery-image\"><a href=\"https:\/\/sertv.gob.pa\/crisolfm\/wp-content\/uploads\/sites\/2\/2024\/04\/CONSEJOS-FONO-4.jpeg\" rel=\"noreferrer\" data-rel=\"iLightbox[gallery_image_1]\" class=\"fusion-lightbox\" target=\"_self\"><img decoding=\"async\" src=\"https:\/\/sertv.gob.pa\/crisolfm\/wp-content\/uploads\/sites\/2\/2024\/04\/CONSEJOS-FONO-4.jpeg\" width=\"600\" height=\"450\" alt=\"\" title=\"CREATOR: gd-jpeg v1.0 (using IJG JPEG v80), quality = 90\" aria-label=\"CREATOR: gd-jpeg v1.0 (using IJG JPEG v80), quality = 90\" class=\"img-responsive wp-image-61090\" srcset=\"https:\/\/sertv.gob.pa\/crisolfm\/wp-content\/uploads\/sites\/2\/2024\/04\/CONSEJOS-FONO-4-200x150.jpeg 200w, https:\/\/sertv.gob.pa\/crisolfm\/wp-content\/uploads\/sites\/2\/2024\/04\/CONSEJOS-FONO-4-400x300.jpeg 400w, https:\/\/sertv.gob.pa\/crisolfm\/wp-content\/uploads\/sites\/2\/2024\/04\/CONSEJOS-FONO-4.jpeg 600w\" sizes=\"(min-width: 2200px) 100vw, (min-width: 784px) 363px, (min-width: 712px) 545px, (min-width: 640px) 712px, \" \/><\/a><\/div><\/div><div class=\"clearfix\"><\/div><div style=\"padding:5px;\" class=\"fusion-grid-column fusion-gallery-column fusion-gallery-column-3 hover-type-none\"><div class=\"fusion-gallery-image\"><a href=\"https:\/\/sertv.gob.pa\/crisolfm\/wp-content\/uploads\/sites\/2\/2024\/04\/CONSEJOS-FONO-6.jpeg\" rel=\"noreferrer\" data-rel=\"iLightbox[gallery_image_1]\" class=\"fusion-lightbox\" target=\"_self\"><img decoding=\"async\" src=\"https:\/\/sertv.gob.pa\/crisolfm\/wp-content\/uploads\/sites\/2\/2024\/04\/CONSEJOS-FONO-6.jpeg\" width=\"270\" height=\"600\" alt=\"\" title=\"CREATOR: gd-jpeg v1.0 (using IJG JPEG v80), quality = 90\" aria-label=\"CREATOR: gd-jpeg v1.0 (using IJG JPEG v80), quality = 90\" class=\"img-responsive wp-image-61091\" srcset=\"https:\/\/sertv.gob.pa\/crisolfm\/wp-content\/uploads\/sites\/2\/2024\/04\/CONSEJOS-FONO-6-200x444.jpeg 200w, https:\/\/sertv.gob.pa\/crisolfm\/wp-content\/uploads\/sites\/2\/2024\/04\/CONSEJOS-FONO-6.jpeg 270w\" sizes=\"(min-width: 2200px) 100vw, (min-width: 784px) 363px, (min-width: 712px) 545px, (min-width: 640px) 712px, \" \/><\/a><\/div><\/div><\/div><\/div><\/div><\/div><\/div><\/div>\n","protected":false},"excerpt":{"rendered":"","protected":false},"author":9,"featured_media":61086,"comment_status":"closed","ping_status":"closed","sticky":false,"template":"","format":"standard","meta":{"footnotes":""},"categories":[14],"tags":[],"class_list":["post-61085","post","type-post","status-publish","format-standard","has-post-thumbnail","hentry","category-salud"],"_links":{"self":[{"href":"https:\/\/sertv.gob.pa\/crisolfm\/wp-json\/wp\/v2\/posts\/61085","targetHints":{"allow":["GET"]}}],"collection":[{"href":"https:\/\/sertv.gob.pa\/crisolfm\/wp-json\/wp\/v2\/posts"}],"about":[{"href":"https:\/\/sertv.gob.pa\/crisolfm\/wp-json\/wp\/v2\/types\/post"}],"author":[{"embeddable":true,"href":"https:\/\/sertv.gob.pa\/crisolfm\/wp-json\/wp\/v2\/users\/9"}],"replies":[{"embeddable":true,"href":"https:\/\/sertv.gob.pa\/crisolfm\/wp-json\/wp\/v2\/comments?post=61085"}],"version-history":[{"count":1,"href":"https:\/\/sertv.gob.pa\/crisolfm\/wp-json\/wp\/v2\/posts\/61085\/revisions"}],"predecessor-version":[{"id":61092,"href":"https:\/\/sertv.gob.pa\/crisolfm\/wp-json\/wp\/v2\/posts\/61085\/revisions\/61092"}],"wp:featuredmedia":[{"embeddable":true,"href":"https:\/\/sertv.gob.pa\/crisolfm\/wp-json\/wp\/v2\/media\/61086"}],"wp:attachment":[{"href":"https:\/\/sertv.gob.pa\/crisolfm\/wp-json\/wp\/v2\/media?parent=61085"}],"wp:term":[{"taxonomy":"category","embeddable":true,"href":"https:\/\/sertv.gob.pa\/crisolfm\/wp-json\/wp\/v2\/categories?post=61085"},{"taxonomy":"post_tag","embeddable":true,"href":"https:\/\/sertv.gob.pa\/crisolfm\/wp-json\/wp\/v2\/tags?post=61085"}],"curies":[{"name":"wp","href":"https:\/\/api.w.org\/{rel}","templated":true}]}}