{"id":6112,"date":"2016-09-08T14:58:29","date_gmt":"2016-09-08T14:58:29","guid":{"rendered":""},"modified":"2016-09-08T14:58:29","modified_gmt":"2016-09-08T14:58:29","slug":"15-de-sus-areas-protegidas-tiene-la-tierra-cerca-de-la-meta-global","status":"publish","type":"post","link":"https:\/\/sertv.gob.pa\/crisolfm\/15-de-sus-areas-protegidas-tiene-la-tierra-cerca-de-la-meta-global\/","title":{"rendered":"15% de sus \u00e1reas protegidas tiene la Tierra, cerca de la meta global"},"content":{"rendered":"<p>\nEl planeta est\u00e1 muy cerca de cumplir el objetivo global de conservaci\u00f3n para el a\u00f1o 2020, de lograr el 17% de cobertura de zonas protegidas. Hasta ahora, un 14.7% de la superficie de la Tierra est\u00e1 protegida, revela el informe Planeta Protegido 2016 presentado el viernes 2 de septiembre por la Organizaci\u00f3n de las Naciones Unidas (ONU) Ambiente y la Uni\u00f3n Internacional para la Conservaci\u00f3n de la Naturaleza (UICN). <\/p>\n<p>Indica que en la actualidad hay 202,467 \u00e1reas protegidas que cubren casi 20 millones de km2 o 14.7% del planeta, con excepci\u00f3n de la Ant\u00e1rtida; y que esta cantidad se ubica justo por debajo de la meta de Aichi 11 del Convenio sobre la Diversidad Biol\u00f3gica, que busca proteger el 17% de la superficie del planeta Tierra para el 2020. &lsquo;Los grandes logros en el n\u00famero y tama\u00f1o de las \u00e1reas protegidas de la \u00faltima d\u00e9cada tienen que ir acompa\u00f1ados de mejoras en su calidad&#8217;, dijo Erik Solheim, director general de la ONU Ambiente. <\/p>\n<p>El informe igualmente se\u00f1ala que se est\u00e1n dejando sin resguardo \u00e1reas cruciales de biodiversidad, especies y h\u00e1bitats clave. <\/p>\n<p>El estudio plantea que menos del 20% de los pa\u00edses han cumplido con sus compromisos para evaluar la gesti\u00f3n de sus zonas protegidas, lo que despierta dudas sobre la calidad y la eficacia de las medidas de conservaci\u00f3n existentes. <\/p>\n<p>Por ello, recomienda invertir en \u00e1reas protegidas para fortalecer la gesti\u00f3n sostenible de las pesquer\u00edas, controlar las especies invasoras, hacer frente al cambio clim\u00e1tico y reducir los incentivos perjudiciales, como los subsidios, que amenazan la biodiversidad. <\/p>\n<p>&lsquo;Hoy el mundo se enfrenta a desaf\u00edos ambientales y sociales cr\u00edticos, como el cambio clim\u00e1tico y la seguridad alimentaria y del agua&lsquo;, por lo que aumentar las zonas protegidas es crucial, manifest\u00f3 Inger Andersen, director general de la UICN. <\/p>\n<p>\u00a0 <\/p>\n","protected":false},"excerpt":{"rendered":"<p>El planeta est\u00e1 muy cerca de cumplir el objetivo global <a href=\"https:\/\/sertv.gob.pa\/crisolfm\/15-de-sus-areas-protegidas-tiene-la-tierra-cerca-de-la-meta-global\/\"> [&#8230;]<\/a><\/p>\n","protected":false},"author":1,"featured_media":6113,"comment_status":"closed","ping_status":"closed","sticky":false,"template":"","format":"standard","meta":{"footnotes":""},"categories":[7],"tags":[],"class_list":["post-6112","post","type-post","status-publish","format-standard","has-post-thumbnail","hentry","category-ecologicas"],"_links":{"self":[{"href":"https:\/\/sertv.gob.pa\/crisolfm\/wp-json\/wp\/v2\/posts\/6112","targetHints":{"allow":["GET"]}}],"collection":[{"href":"https:\/\/sertv.gob.pa\/crisolfm\/wp-json\/wp\/v2\/posts"}],"about":[{"href":"https:\/\/sertv.gob.pa\/crisolfm\/wp-json\/wp\/v2\/types\/post"}],"author":[{"embeddable":true,"href":"https:\/\/sertv.gob.pa\/crisolfm\/wp-json\/wp\/v2\/users\/1"}],"replies":[{"embeddable":true,"href":"https:\/\/sertv.gob.pa\/crisolfm\/wp-json\/wp\/v2\/comments?post=6112"}],"version-history":[{"count":0,"href":"https:\/\/sertv.gob.pa\/crisolfm\/wp-json\/wp\/v2\/posts\/6112\/revisions"}],"wp:featuredmedia":[{"embeddable":true,"href":"https:\/\/sertv.gob.pa\/crisolfm\/wp-json\/wp\/v2\/media\/6113"}],"wp:attachment":[{"href":"https:\/\/sertv.gob.pa\/crisolfm\/wp-json\/wp\/v2\/media?parent=6112"}],"wp:term":[{"taxonomy":"category","embeddable":true,"href":"https:\/\/sertv.gob.pa\/crisolfm\/wp-json\/wp\/v2\/categories?post=6112"},{"taxonomy":"post_tag","embeddable":true,"href":"https:\/\/sertv.gob.pa\/crisolfm\/wp-json\/wp\/v2\/tags?post=6112"}],"curies":[{"name":"wp","href":"https:\/\/api.w.org\/{rel}","templated":true}]}}