{"id":6120,"date":"2016-09-08T16:31:31","date_gmt":"2016-09-08T16:31:31","guid":{"rendered":""},"modified":"2016-09-08T16:31:31","modified_gmt":"2016-09-08T16:31:31","slug":"48-de-la-energia-del-pais-sera-renovable-en-2018","status":"publish","type":"post","link":"https:\/\/sertv.gob.pa\/crisolfm\/48-de-la-energia-del-pais-sera-renovable-en-2018\/","title":{"rendered":"48% de la energ\u00eda del pa\u00eds ser\u00e1 renovable en 2018"},"content":{"rendered":"<p>\nPara el a\u00f1o 2018 el 48% de energ\u00eda que se generar\u00e1 en Panam\u00e1 ser\u00e1 renovable y para el a\u00f1o 2050 se estima una generaci\u00f3n de 70% a base de fuentes limpias, como hidroel\u00e9ctricas, termoel\u00e9ctricas, solar, e\u00f3lica y gas natural, seg\u00fan la Secretar\u00eda Nacional de Energ\u00eda (SNE). <\/p>\n<p>El secretario Nacional de Energ\u00eda, V\u00edctor Urrutia, manifest\u00f3 que a pesar de que el pa\u00eds est\u00e1 avanzando en materia de energ\u00edas renovables, a\u00fan \u00a0hay cierta dependencia en el sector, por lo que instan a hacer un uso racional del recurso. &lsquo;Como ente encargado de definir la pol\u00edtica energ\u00e9tica, buscamos garantizar el suministro energ\u00e9tico para el futuro, promoviendo las energ\u00edas renovables, la eficiencia energ\u00e9tica en todos los sectores del pa\u00eds. Desde las Secretar\u00eda Nacional nos esforzamos por fomentar una cultura de uso racional&#8217;, se\u00f1al\u00f3 Urrutia, en el marco de la inauguraci\u00f3n de la primera Semana de la Energ\u00eda Sostenible, que se celebra en Panam\u00e1 del 6 al 9 de septiembre de 2016. <\/p>\n<p>En esta misma l\u00ednea, Berta Burgos, de la Oficina de Comunicaci\u00f3n de la Secretar\u00eda Nacional de Energ\u00eda, indic\u00f3 que el mercado de las renovables en Panam\u00e1 ha logrado un gran avance &lsquo;gracias al marco regulatorio y legal estable con que cuenta el pa\u00eds&#8217;. <\/p>\n<p>&lsquo;Reglas claras permiten que inversionistas nacionales e internacionales apuesten a la construcci\u00f3n de nuevas plantas renovables; igualmente, el crecimiento econ\u00f3mico del pa\u00eds requiere constantemente aumentar la oferta energ\u00e9tica&#8217;, agreg\u00f3. <\/p>\n<p>Sin embargo, al igual que Urrutia, Burgos destac\u00f3 que &lsquo;tan importante como la generaci\u00f3n a base de energ\u00edas renovables, consideramos es la promoci\u00f3n de un uso racional de la energ\u00eda, ello trae beneficios directos para los consumidores y con ello logramos igual disminuir las emisiones contaminantes&#8217;. <\/p>\n<p>Sobre cu\u00e1l es la energ\u00eda renovable que m\u00e1s aportar\u00e1 a la matriz energ\u00e9tica del pa\u00eds actualmente y en el futuro, Burgos explic\u00f3 que por lo pronto este pa\u00eds seguir\u00e1 dependiendo fuertemente de la generaci\u00f3n hidroel\u00e9ctrica, dada la naturaleza de nuestra geograf\u00eda. Pero &lsquo;en adelante esta generaci\u00f3n crecer\u00e1 muy poco, porque la capacidad para desarrollar nuevos proyectos es limitada. Aumentar\u00e1 considerablemente la solar y el gas natural&#8217;. <\/p>\n<p>\u00a0 <\/p>\n","protected":false},"excerpt":{"rendered":"<p>Para el a\u00f1o 2018 el 48% de energ\u00eda que se <a href=\"https:\/\/sertv.gob.pa\/crisolfm\/48-de-la-energia-del-pais-sera-renovable-en-2018\/\"> [&#8230;]<\/a><\/p>\n","protected":false},"author":1,"featured_media":6121,"comment_status":"closed","ping_status":"closed","sticky":false,"template":"","format":"standard","meta":{"footnotes":""},"categories":[7],"tags":[],"class_list":["post-6120","post","type-post","status-publish","format-standard","has-post-thumbnail","hentry","category-ecologicas"],"_links":{"self":[{"href":"https:\/\/sertv.gob.pa\/crisolfm\/wp-json\/wp\/v2\/posts\/6120","targetHints":{"allow":["GET"]}}],"collection":[{"href":"https:\/\/sertv.gob.pa\/crisolfm\/wp-json\/wp\/v2\/posts"}],"about":[{"href":"https:\/\/sertv.gob.pa\/crisolfm\/wp-json\/wp\/v2\/types\/post"}],"author":[{"embeddable":true,"href":"https:\/\/sertv.gob.pa\/crisolfm\/wp-json\/wp\/v2\/users\/1"}],"replies":[{"embeddable":true,"href":"https:\/\/sertv.gob.pa\/crisolfm\/wp-json\/wp\/v2\/comments?post=6120"}],"version-history":[{"count":0,"href":"https:\/\/sertv.gob.pa\/crisolfm\/wp-json\/wp\/v2\/posts\/6120\/revisions"}],"wp:featuredmedia":[{"embeddable":true,"href":"https:\/\/sertv.gob.pa\/crisolfm\/wp-json\/wp\/v2\/media\/6121"}],"wp:attachment":[{"href":"https:\/\/sertv.gob.pa\/crisolfm\/wp-json\/wp\/v2\/media?parent=6120"}],"wp:term":[{"taxonomy":"category","embeddable":true,"href":"https:\/\/sertv.gob.pa\/crisolfm\/wp-json\/wp\/v2\/categories?post=6120"},{"taxonomy":"post_tag","embeddable":true,"href":"https:\/\/sertv.gob.pa\/crisolfm\/wp-json\/wp\/v2\/tags?post=6120"}],"curies":[{"name":"wp","href":"https:\/\/api.w.org\/{rel}","templated":true}]}}