{"id":61228,"date":"2024-04-26T17:50:53","date_gmt":"2024-04-26T17:50:53","guid":{"rendered":"https:\/\/sertv.gob.pa\/crisolfm\/?p=61228"},"modified":"2024-04-26T17:50:53","modified_gmt":"2024-04-26T17:50:53","slug":"cadena-humana-para-concienciar-sobre-el-autismo-en-bocas-del-toro","status":"publish","type":"post","link":"https:\/\/sertv.gob.pa\/crisolfm\/cadena-humana-para-concienciar-sobre-el-autismo-en-bocas-del-toro\/","title":{"rendered":"Cadena humana para concienciar sobre el Autismo en Bocas Del Toro"},"content":{"rendered":"<div class=\"fusion-fullwidth fullwidth-box fusion-builder-row-1 fusion-flex-container has-pattern-background has-mask-background nonhundred-percent-fullwidth non-hundred-percent-height-scrolling\" style=\"--awb-border-radius-top-left:0px;--awb-border-radius-top-right:0px;--awb-border-radius-bottom-right:0px;--awb-border-radius-bottom-left:0px;--awb-flex-wrap:wrap;\" ><div class=\"fusion-builder-row fusion-row fusion-flex-align-items-flex-start fusion-flex-content-wrap\" style=\"max-width:1144px;margin-left: calc(-4% \/ 2 );margin-right: calc(-4% \/ 2 );\"><div class=\"fusion-layout-column fusion_builder_column fusion-builder-column-0 fusion_builder_column_1_1 1_1 fusion-flex-column\" style=\"--awb-bg-size:cover;--awb-width-large:100%;--awb-margin-top-large:0px;--awb-spacing-right-large:1.92%;--awb-margin-bottom-large:20px;--awb-spacing-left-large:1.92%;--awb-width-medium:100%;--awb-order-medium:0;--awb-spacing-right-medium:1.92%;--awb-spacing-left-medium:1.92%;--awb-width-small:100%;--awb-order-small:0;--awb-spacing-right-small:1.92%;--awb-spacing-left-small:1.92%;\"><div class=\"fusion-column-wrapper fusion-column-has-shadow fusion-flex-justify-content-flex-start fusion-content-layout-column\"><div class=\"fusion-text fusion-text-1\"><p><strong><em>Durante todo el mes de abril, los estudiantes de la Extensi\u00f3n de Bocas del Toro, que asisten al Instituto Profesional T\u00e9cnico de Bocas del Toro, se unieron en una cadena humana a las afueras del plantel educativo. Esta acci\u00f3n tiene como objetivo concienciar a las personas sobre el trato hacia los ni\u00f1os, ni\u00f1as, adolescentes y adultos con Autismo.<\/em><\/strong><\/p>\n<p><strong><em>Un grupo de 43 alumnos de Carreras T\u00e9cnicas Intermedias (CTI) de los talleres de Gastronom\u00eda, Servicios de Hoteler\u00eda, Comercio para la Industria y Premedia se uni\u00f3 en un evento especial. Esta actividad forma parte de las acciones pedag\u00f3gicas que promueven la inclusi\u00f3n, el respeto y la igualdad en todos los \u00e1mbitos de la sociedad, especialmente para las personas con Trastorno del Espectro Autista (TEA).<\/em><\/strong><\/p>\n<p><strong><em>Durante la cadena humana, los estudiantes distribuyeron volantes y tr\u00edpticos a transe\u00fantes y conductores que pasaban por la v\u00eda. Estos materiales conten\u00edan mensajes relacionados con la conmemoraci\u00f3n del Mes del Autismo y c\u00f3mo se debe fomentar la convivencia con personas que tienen esta condici\u00f3n.<\/em><\/strong><\/p>\n<p><strong><em>Adem\u00e1s, aprovecharon la ocasi\u00f3n para exhibir sombreros con los colores y temas que identifican el Autismo. Estos sombreros fueron confeccionados por los propios estudiantes de CTI, con la colaboraci\u00f3n de sus padres, y los lucieron durante la cadena humana.<\/em><\/strong><\/p>\n<p><strong><em>\u00a0<\/em><\/strong><\/p>\n<p>Fuente: IPHE<\/p>\n<\/div><div class=\"awb-gallery-wrapper awb-gallery-wrapper-1 button-span-no\" style=\"--more-btn-alignment:center;\"><div style=\"margin:-5px;--awb-bordersize:0px;\" class=\"fusion-gallery fusion-gallery-container fusion-grid-3 fusion-columns-total-4 fusion-gallery-layout-grid fusion-gallery-1\"><div style=\"padding:5px;\" class=\"fusion-grid-column fusion-gallery-column fusion-gallery-column-3 hover-type-none\"><div class=\"fusion-gallery-image\"><a href=\"https:\/\/sertv.gob.pa\/crisolfm\/wp-content\/uploads\/sites\/2\/2024\/04\/AUTISMO-BOCAS-3.jpeg\" rel=\"noreferrer\" data-rel=\"iLightbox[gallery_image_1]\" class=\"fusion-lightbox\" target=\"_self\"><img decoding=\"async\" src=\"https:\/\/sertv.gob.pa\/crisolfm\/wp-content\/uploads\/sites\/2\/2024\/04\/AUTISMO-BOCAS-3.jpeg\" width=\"600\" height=\"400\" alt=\"\" title=\"CREATOR: gd-jpeg v1.0 (using IJG JPEG v80), quality = 90\" aria-label=\"CREATOR: gd-jpeg v1.0 (using IJG JPEG v80), quality = 90\" class=\"img-responsive wp-image-61230\" srcset=\"https:\/\/sertv.gob.pa\/crisolfm\/wp-content\/uploads\/sites\/2\/2024\/04\/AUTISMO-BOCAS-3-200x133.jpeg 200w, https:\/\/sertv.gob.pa\/crisolfm\/wp-content\/uploads\/sites\/2\/2024\/04\/AUTISMO-BOCAS-3-400x267.jpeg 400w, https:\/\/sertv.gob.pa\/crisolfm\/wp-content\/uploads\/sites\/2\/2024\/04\/AUTISMO-BOCAS-3.jpeg 600w\" sizes=\"(min-width: 2200px) 100vw, (min-width: 784px) 363px, (min-width: 712px) 545px, (min-width: 640px) 712px, \" \/><\/a><\/div><\/div><div style=\"padding:5px;\" class=\"fusion-grid-column fusion-gallery-column fusion-gallery-column-3 hover-type-none\"><div class=\"fusion-gallery-image\"><a href=\"https:\/\/sertv.gob.pa\/crisolfm\/wp-content\/uploads\/sites\/2\/2024\/04\/AUTISMO-BOCAS-4.jpeg\" rel=\"noreferrer\" data-rel=\"iLightbox[gallery_image_1]\" class=\"fusion-lightbox\" target=\"_self\"><img decoding=\"async\" src=\"https:\/\/sertv.gob.pa\/crisolfm\/wp-content\/uploads\/sites\/2\/2024\/04\/AUTISMO-BOCAS-4.jpeg\" width=\"600\" height=\"400\" alt=\"\" title=\"CREATOR: gd-jpeg v1.0 (using IJG JPEG v80), quality = 90\" aria-label=\"CREATOR: gd-jpeg v1.0 (using IJG JPEG v80), quality = 90\" class=\"img-responsive wp-image-61231\" srcset=\"https:\/\/sertv.gob.pa\/crisolfm\/wp-content\/uploads\/sites\/2\/2024\/04\/AUTISMO-BOCAS-4-200x133.jpeg 200w, https:\/\/sertv.gob.pa\/crisolfm\/wp-content\/uploads\/sites\/2\/2024\/04\/AUTISMO-BOCAS-4-400x267.jpeg 400w, https:\/\/sertv.gob.pa\/crisolfm\/wp-content\/uploads\/sites\/2\/2024\/04\/AUTISMO-BOCAS-4.jpeg 600w\" sizes=\"(min-width: 2200px) 100vw, (min-width: 784px) 363px, (min-width: 712px) 545px, (min-width: 640px) 712px, \" \/><\/a><\/div><\/div><div style=\"padding:5px;\" class=\"fusion-grid-column fusion-gallery-column fusion-gallery-column-3 hover-type-none\"><div class=\"fusion-gallery-image\"><a href=\"https:\/\/sertv.gob.pa\/crisolfm\/wp-content\/uploads\/sites\/2\/2024\/04\/AUTISMO-BOCAS-5.jpeg\" rel=\"noreferrer\" data-rel=\"iLightbox[gallery_image_1]\" class=\"fusion-lightbox\" target=\"_self\"><img decoding=\"async\" src=\"https:\/\/sertv.gob.pa\/crisolfm\/wp-content\/uploads\/sites\/2\/2024\/04\/AUTISMO-BOCAS-5.jpeg\" width=\"600\" height=\"400\" alt=\"\" title=\"CREATOR: gd-jpeg v1.0 (using IJG JPEG v80), quality = 90\" aria-label=\"CREATOR: gd-jpeg v1.0 (using IJG JPEG v80), quality = 90\" class=\"img-responsive wp-image-61233\" srcset=\"https:\/\/sertv.gob.pa\/crisolfm\/wp-content\/uploads\/sites\/2\/2024\/04\/AUTISMO-BOCAS-5-200x133.jpeg 200w, https:\/\/sertv.gob.pa\/crisolfm\/wp-content\/uploads\/sites\/2\/2024\/04\/AUTISMO-BOCAS-5-400x267.jpeg 400w, https:\/\/sertv.gob.pa\/crisolfm\/wp-content\/uploads\/sites\/2\/2024\/04\/AUTISMO-BOCAS-5.jpeg 600w\" sizes=\"(min-width: 2200px) 100vw, (min-width: 784px) 363px, (min-width: 712px) 545px, (min-width: 640px) 712px, \" \/><\/a><\/div><\/div><div class=\"clearfix\"><\/div><div style=\"padding:5px;\" class=\"fusion-grid-column fusion-gallery-column fusion-gallery-column-3 hover-type-none\"><div class=\"fusion-gallery-image\"><a href=\"https:\/\/sertv.gob.pa\/crisolfm\/wp-content\/uploads\/sites\/2\/2024\/04\/AUTISMO-BOCAS-6.jpeg\" rel=\"noreferrer\" data-rel=\"iLightbox[gallery_image_1]\" class=\"fusion-lightbox\" target=\"_self\"><img decoding=\"async\" src=\"https:\/\/sertv.gob.pa\/crisolfm\/wp-content\/uploads\/sites\/2\/2024\/04\/AUTISMO-BOCAS-6.jpeg\" width=\"600\" height=\"400\" alt=\"\" title=\"CREATOR: gd-jpeg v1.0 (using IJG JPEG v80), quality = 90\" aria-label=\"CREATOR: gd-jpeg v1.0 (using IJG JPEG v80), quality = 90\" class=\"img-responsive wp-image-61234\" srcset=\"https:\/\/sertv.gob.pa\/crisolfm\/wp-content\/uploads\/sites\/2\/2024\/04\/AUTISMO-BOCAS-6-200x133.jpeg 200w, https:\/\/sertv.gob.pa\/crisolfm\/wp-content\/uploads\/sites\/2\/2024\/04\/AUTISMO-BOCAS-6-400x267.jpeg 400w, https:\/\/sertv.gob.pa\/crisolfm\/wp-content\/uploads\/sites\/2\/2024\/04\/AUTISMO-BOCAS-6.jpeg 600w\" sizes=\"(min-width: 2200px) 100vw, (min-width: 784px) 363px, (min-width: 712px) 545px, (min-width: 640px) 712px, \" \/><\/a><\/div><\/div><\/div><\/div><\/div><\/div><\/div><\/div>\n","protected":false},"excerpt":{"rendered":"","protected":false},"author":9,"featured_media":0,"comment_status":"closed","ping_status":"closed","sticky":false,"template":"","format":"standard","meta":{"footnotes":""},"categories":[14],"tags":[],"class_list":["post-61228","post","type-post","status-publish","format-standard","hentry","category-salud"],"_links":{"self":[{"href":"https:\/\/sertv.gob.pa\/crisolfm\/wp-json\/wp\/v2\/posts\/61228","targetHints":{"allow":["GET"]}}],"collection":[{"href":"https:\/\/sertv.gob.pa\/crisolfm\/wp-json\/wp\/v2\/posts"}],"about":[{"href":"https:\/\/sertv.gob.pa\/crisolfm\/wp-json\/wp\/v2\/types\/post"}],"author":[{"embeddable":true,"href":"https:\/\/sertv.gob.pa\/crisolfm\/wp-json\/wp\/v2\/users\/9"}],"replies":[{"embeddable":true,"href":"https:\/\/sertv.gob.pa\/crisolfm\/wp-json\/wp\/v2\/comments?post=61228"}],"version-history":[{"count":1,"href":"https:\/\/sertv.gob.pa\/crisolfm\/wp-json\/wp\/v2\/posts\/61228\/revisions"}],"predecessor-version":[{"id":61235,"href":"https:\/\/sertv.gob.pa\/crisolfm\/wp-json\/wp\/v2\/posts\/61228\/revisions\/61235"}],"wp:attachment":[{"href":"https:\/\/sertv.gob.pa\/crisolfm\/wp-json\/wp\/v2\/media?parent=61228"}],"wp:term":[{"taxonomy":"category","embeddable":true,"href":"https:\/\/sertv.gob.pa\/crisolfm\/wp-json\/wp\/v2\/categories?post=61228"},{"taxonomy":"post_tag","embeddable":true,"href":"https:\/\/sertv.gob.pa\/crisolfm\/wp-json\/wp\/v2\/tags?post=61228"}],"curies":[{"name":"wp","href":"https:\/\/api.w.org\/{rel}","templated":true}]}}