{"id":6134,"date":"2016-09-09T18:54:24","date_gmt":"2016-09-09T18:54:24","guid":{"rendered":""},"modified":"2016-09-09T18:54:24","modified_gmt":"2016-09-09T18:54:24","slug":"65-de-anfibios-y-reptiles-son-fragiles-al-cambio-climatico","status":"publish","type":"post","link":"https:\/\/sertv.gob.pa\/crisolfm\/65-de-anfibios-y-reptiles-son-fragiles-al-cambio-climatico\/","title":{"rendered":"65 % de anfibios y reptiles son fr\u00e1giles al cambio clim\u00e1tico"},"content":{"rendered":"<p>\nEl 65% de las especies de anfibios y reptiles es vulnerable a los efectos del cambio clim\u00e1tico, responsables de la reducci\u00f3n de sus \u00e1reas de distribuci\u00f3n y de su declive poblacional, entre otras amenazas. <\/p>\n<p>As\u00ed se desprende de un estudio dirigido por investigadores del espa\u00f1ol Museo Nacional de Ciencias Naturales (MNCN-CSIC) y que public\u00f3 la revista Royal Society Open Science , que ha recogido los trabajos cient\u00edficos existentes hasta la fecha para evaluar el impacto del cambio clim\u00e1tico sobre estos grupos animales a nivel mundial. <\/p>\n<p>La instituci\u00f3n recuerda, en una nota, que est\u00e1 m\u00e1s que probado que el cambio clim\u00e1tico tiene un fuerte impacto en las poblaciones de animales, pero establecer una relaci\u00f3n directa es dif\u00edcil porque influyen otros factores, como la p\u00e9rdida de h\u00e1bitat, las interacciones bi\u00f3ticas y abi\u00f3ticas o las din\u00e1micas de las poblaciones. <\/p>\n<p>En este sentido, el investigador del MNCN, Ignacio De la Riva, explic\u00f3 que el estudio &lsquo;no s\u00f3lo ha evaluado lo que se sabe sobre el impacto del cambio clim\u00e1tico en estos grupos animales, sino igualmente hasta qu\u00e9 punto las investigaciones pueden estar sesgadas, tanto taxon\u00f3mica como geogr\u00e1ficamente&#8217;. <\/p>\n<p>\u00a0 <\/p>\n","protected":false},"excerpt":{"rendered":"<p>El 65% de las especies de anfibios y reptiles es <a href=\"https:\/\/sertv.gob.pa\/crisolfm\/65-de-anfibios-y-reptiles-son-fragiles-al-cambio-climatico\/\"> [&#8230;]<\/a><\/p>\n","protected":false},"author":1,"featured_media":6135,"comment_status":"closed","ping_status":"closed","sticky":false,"template":"","format":"standard","meta":{"footnotes":""},"categories":[7],"tags":[],"class_list":["post-6134","post","type-post","status-publish","format-standard","has-post-thumbnail","hentry","category-ecologicas"],"_links":{"self":[{"href":"https:\/\/sertv.gob.pa\/crisolfm\/wp-json\/wp\/v2\/posts\/6134","targetHints":{"allow":["GET"]}}],"collection":[{"href":"https:\/\/sertv.gob.pa\/crisolfm\/wp-json\/wp\/v2\/posts"}],"about":[{"href":"https:\/\/sertv.gob.pa\/crisolfm\/wp-json\/wp\/v2\/types\/post"}],"author":[{"embeddable":true,"href":"https:\/\/sertv.gob.pa\/crisolfm\/wp-json\/wp\/v2\/users\/1"}],"replies":[{"embeddable":true,"href":"https:\/\/sertv.gob.pa\/crisolfm\/wp-json\/wp\/v2\/comments?post=6134"}],"version-history":[{"count":0,"href":"https:\/\/sertv.gob.pa\/crisolfm\/wp-json\/wp\/v2\/posts\/6134\/revisions"}],"wp:featuredmedia":[{"embeddable":true,"href":"https:\/\/sertv.gob.pa\/crisolfm\/wp-json\/wp\/v2\/media\/6135"}],"wp:attachment":[{"href":"https:\/\/sertv.gob.pa\/crisolfm\/wp-json\/wp\/v2\/media?parent=6134"}],"wp:term":[{"taxonomy":"category","embeddable":true,"href":"https:\/\/sertv.gob.pa\/crisolfm\/wp-json\/wp\/v2\/categories?post=6134"},{"taxonomy":"post_tag","embeddable":true,"href":"https:\/\/sertv.gob.pa\/crisolfm\/wp-json\/wp\/v2\/tags?post=6134"}],"curies":[{"name":"wp","href":"https:\/\/api.w.org\/{rel}","templated":true}]}}