{"id":61343,"date":"2024-05-03T15:55:20","date_gmt":"2024-05-03T15:55:20","guid":{"rendered":"https:\/\/sertv.gob.pa\/crisolfm\/?p=61343"},"modified":"2024-05-03T15:55:20","modified_gmt":"2024-05-03T15:55:20","slug":"en-veraguas-inauguran-las-nuevas-instalaciones-de-la-oficina-integral-de-riesgo-a-desastres-en-salud","status":"publish","type":"post","link":"https:\/\/sertv.gob.pa\/crisolfm\/en-veraguas-inauguran-las-nuevas-instalaciones-de-la-oficina-integral-de-riesgo-a-desastres-en-salud\/","title":{"rendered":"En Veraguas inauguran las nuevas instalaciones de la Oficina Integral de Riesgo a desastres en Salud"},"content":{"rendered":"<p><strong><em>*Desde esta oficina operar\u00e1 el Centro de Operaciones de Emergencia en Salud (CODES)<\/em><\/strong><\/p>\n<p><strong><em>Santiago, <\/em><\/strong><\/p>\n<p><strong><em>Con la participaci\u00f3n de Euclides S\u00e1nchez, jefe nacional de la Oficina Integral de Gesti\u00f3n de Riesgo a desastre en salud, se inaugur\u00f3 en Veraguas, las modernas instalaciones de la Oficina Regional de Riesgo y desastre en Salud, un espacio donde se re\u00fane la comisi\u00f3n de gesti\u00f3n de riesgos para recibir, procesar, informaci\u00f3n y\u00a0 toma de\u00a0 decisiones para enfrentar eventos adversos que afecten la salud de la poblaci\u00f3n.<\/em><\/strong><\/p>\n<p><strong><em>En esta oficina, se elaborar\u00e1 y prepara programas ante situaciones de riesgo, se coordinar\u00e1 los enlaces con otras instituciones de emergencias de la provincia de Veraguas.<\/em><\/strong><\/p>\n<p><strong><em>Getzabe Hurane, encargada regional de esta oficina, destac\u00f3 que, esto es un gran avance para la provincia de Veraguas, pues ya se cuenta con un espacio equipado, listo y\u00a0 preparado\u00a0 para operar de manera oportuna ante cualquier emergencia o desastre en salud, adicional se mantendr\u00e1 a toda la comisi\u00f3n de desastre en contin\u00faa capacitaci\u00f3n y se realizar\u00e1n simulacros para estar listos ante cualquier evento adverso.<\/em><\/strong><\/p>\n<p><strong><em>\u00a0<\/em><\/strong><\/p>\n<p>Fuente: MINSA<\/p>\n","protected":false},"excerpt":{"rendered":"<p>*Desde esta oficina operar\u00e1 el Centro de Operaciones de Emergencia <a href=\"https:\/\/sertv.gob.pa\/crisolfm\/en-veraguas-inauguran-las-nuevas-instalaciones-de-la-oficina-integral-de-riesgo-a-desastres-en-salud\/\"> [&#8230;]<\/a><\/p>\n","protected":false},"author":9,"featured_media":61344,"comment_status":"closed","ping_status":"closed","sticky":false,"template":"","format":"standard","meta":{"footnotes":""},"categories":[14],"tags":[],"class_list":["post-61343","post","type-post","status-publish","format-standard","has-post-thumbnail","hentry","category-salud"],"_links":{"self":[{"href":"https:\/\/sertv.gob.pa\/crisolfm\/wp-json\/wp\/v2\/posts\/61343","targetHints":{"allow":["GET"]}}],"collection":[{"href":"https:\/\/sertv.gob.pa\/crisolfm\/wp-json\/wp\/v2\/posts"}],"about":[{"href":"https:\/\/sertv.gob.pa\/crisolfm\/wp-json\/wp\/v2\/types\/post"}],"author":[{"embeddable":true,"href":"https:\/\/sertv.gob.pa\/crisolfm\/wp-json\/wp\/v2\/users\/9"}],"replies":[{"embeddable":true,"href":"https:\/\/sertv.gob.pa\/crisolfm\/wp-json\/wp\/v2\/comments?post=61343"}],"version-history":[{"count":1,"href":"https:\/\/sertv.gob.pa\/crisolfm\/wp-json\/wp\/v2\/posts\/61343\/revisions"}],"predecessor-version":[{"id":61345,"href":"https:\/\/sertv.gob.pa\/crisolfm\/wp-json\/wp\/v2\/posts\/61343\/revisions\/61345"}],"wp:featuredmedia":[{"embeddable":true,"href":"https:\/\/sertv.gob.pa\/crisolfm\/wp-json\/wp\/v2\/media\/61344"}],"wp:attachment":[{"href":"https:\/\/sertv.gob.pa\/crisolfm\/wp-json\/wp\/v2\/media?parent=61343"}],"wp:term":[{"taxonomy":"category","embeddable":true,"href":"https:\/\/sertv.gob.pa\/crisolfm\/wp-json\/wp\/v2\/categories?post=61343"},{"taxonomy":"post_tag","embeddable":true,"href":"https:\/\/sertv.gob.pa\/crisolfm\/wp-json\/wp\/v2\/tags?post=61343"}],"curies":[{"name":"wp","href":"https:\/\/api.w.org\/{rel}","templated":true}]}}