{"id":6136,"date":"2016-09-10T05:00:00","date_gmt":"2016-09-10T05:00:00","guid":{"rendered":""},"modified":"2016-09-10T05:00:00","modified_gmt":"2016-09-10T05:00:00","slug":"dialogo-por-la-pesca-permitira-avanzar-en-ley-que-data-de-1959","status":"publish","type":"post","link":"https:\/\/sertv.gob.pa\/crisolfm\/dialogo-por-la-pesca-permitira-avanzar-en-ley-que-data-de-1959\/","title":{"rendered":"Di\u00e1logo por la pesca permitir\u00e1 avanzar en ley que data de 1959"},"content":{"rendered":"<p>\nLa administradora de la ARAP, Zuleika Pinz\u00f3n, asegur\u00f3 que los aportes de los subsectores que se generar\u00e1n en las consultas del Di\u00e1logo por la Pesca Sostenible arrojar\u00e1n datos que servir\u00e1n para avanzar en la modernizaci\u00f3n de la Ley General de Pesca y Acuicultura que data del a\u00f1o 1959. <\/p>\n<p>Para Pinz\u00f3n, la participaci\u00f3n de todos los subsectores es importante, porque &lsquo;se busca lograr en consenso alternativas que beneficien la sostenibilidad de la pesca y garanticen esa seguridad alimentaria que todos queremos, es nuestra meta&#8217;. <\/p>\n<p>&lsquo;El compromiso y la voluntad de todos, nos dar\u00e1 la oportunidad de lograr resultados positivos y coherentes con la actividad pesquera actual&#8217;, afirm\u00f3 la administradora de la ARAP. <\/p>\n<p>Pinz\u00f3n ofreci\u00f3 estas declaraciones durante el primer foro consultivo para el Di\u00e1logo Nacional por la Pesca, que se realiz\u00f3 en la ciudad de David, provincia de Chiriqu\u00ed. <\/p>\n<p>Estas consultas servir\u00e1n para la construcci\u00f3n participativa de un Plan de Acci\u00f3n por la Sostenibilidad de la Pesca en Panam\u00e1, seg\u00fan ARAP. <\/p>\n<p>&lsquo;Con estas acciones de di\u00e1logo y trabajo en conjunto que lograremos que la pesca sea sostenible y obtengamos tambi\u00e9n beneficios econ\u00f3micos para sostener a nuestras familias&#8217;, indicaron pescadores de Chiriqu\u00ed, Bocas del Toro y la comarca Ng\u00e4be Bugl\u00e9, durante este primer encuentro regional. <\/p>\n<p>Los talleres de consulta se desarrollar\u00e1n durante los meses de septiembre y octubre. Este s\u00e1bado 10 de septiembre ser\u00e1 en Santiago. <\/p>\n<p>\u00a0 <\/p>\n","protected":false},"excerpt":{"rendered":"<p>La administradora de la ARAP, Zuleika Pinz\u00f3n, asegur\u00f3 que los <a href=\"https:\/\/sertv.gob.pa\/crisolfm\/dialogo-por-la-pesca-permitira-avanzar-en-ley-que-data-de-1959\/\"> [&#8230;]<\/a><\/p>\n","protected":false},"author":1,"featured_media":6137,"comment_status":"closed","ping_status":"closed","sticky":false,"template":"","format":"standard","meta":{"footnotes":""},"categories":[7],"tags":[],"class_list":["post-6136","post","type-post","status-publish","format-standard","has-post-thumbnail","hentry","category-ecologicas"],"_links":{"self":[{"href":"https:\/\/sertv.gob.pa\/crisolfm\/wp-json\/wp\/v2\/posts\/6136","targetHints":{"allow":["GET"]}}],"collection":[{"href":"https:\/\/sertv.gob.pa\/crisolfm\/wp-json\/wp\/v2\/posts"}],"about":[{"href":"https:\/\/sertv.gob.pa\/crisolfm\/wp-json\/wp\/v2\/types\/post"}],"author":[{"embeddable":true,"href":"https:\/\/sertv.gob.pa\/crisolfm\/wp-json\/wp\/v2\/users\/1"}],"replies":[{"embeddable":true,"href":"https:\/\/sertv.gob.pa\/crisolfm\/wp-json\/wp\/v2\/comments?post=6136"}],"version-history":[{"count":0,"href":"https:\/\/sertv.gob.pa\/crisolfm\/wp-json\/wp\/v2\/posts\/6136\/revisions"}],"wp:featuredmedia":[{"embeddable":true,"href":"https:\/\/sertv.gob.pa\/crisolfm\/wp-json\/wp\/v2\/media\/6137"}],"wp:attachment":[{"href":"https:\/\/sertv.gob.pa\/crisolfm\/wp-json\/wp\/v2\/media?parent=6136"}],"wp:term":[{"taxonomy":"category","embeddable":true,"href":"https:\/\/sertv.gob.pa\/crisolfm\/wp-json\/wp\/v2\/categories?post=6136"},{"taxonomy":"post_tag","embeddable":true,"href":"https:\/\/sertv.gob.pa\/crisolfm\/wp-json\/wp\/v2\/tags?post=6136"}],"curies":[{"name":"wp","href":"https:\/\/api.w.org\/{rel}","templated":true}]}}