{"id":61464,"date":"2024-05-09T15:22:14","date_gmt":"2024-05-09T15:22:14","guid":{"rendered":"https:\/\/sertv.gob.pa\/crisolfm\/?p=61464"},"modified":"2024-05-09T15:22:14","modified_gmt":"2024-05-09T15:22:14","slug":"minsa-advierte-sobre-afecciones-virales-por-temporada-y-evolucion-en-casos-de-meningitis","status":"publish","type":"post","link":"https:\/\/sertv.gob.pa\/crisolfm\/minsa-advierte-sobre-afecciones-virales-por-temporada-y-evolucion-en-casos-de-meningitis\/","title":{"rendered":"MINSA advierte sobre afecciones virales por temporada y evoluci\u00f3n en casos de meningitis"},"content":{"rendered":"<p><strong><em>La directora m\u00e9dica del Ministerio de Salud, en la provincia de Chiriqu\u00ed, Gladys Novoa, advirti\u00f3 a la comunidad educativa y a la poblaci\u00f3n general, sobre el riesgo de enfermedades virales, comunes al incrementarse las lluvias.<\/em><\/strong><\/p>\n<p><strong><em>\u201cEs importante que se extremen las medidas sanitarias y de bioseguridad, principalmente el lavado de manos despu\u00e9s de ir al ba\u00f1o y antes de ingerir alimentos\u201d, se\u00f1al\u00f3 la funcionaria, quien destac\u00f3 que, la semana pasada, no se registraron casos de meningitis viral en Chiriqu\u00ed.<\/em><\/strong><\/p>\n<p><strong><em>Novoa, reiter\u00f3 que, varios virus que actualmente circulan en la regi\u00f3n provocan afecciones, tanto respiratorias como gastrointestinales, que incluso podr\u00edan evolucionar y convertirse en enfermedades como la meningitis.<\/em><\/strong><\/p>\n<p><strong><em>Agreg\u00f3 que, de forma incansable, el Ministerio de Salud, regi\u00f3n de Chiriqu\u00ed, mantiene activa las sesiones educativas y de orientaci\u00f3n en escuelas, colegios, centros de salud, MINSA CAPSI y todas sus instalaciones, a trav\u00e9s de educadores, promotores de salud y equipos de enfermer\u00eda.<\/em><\/strong><\/p>\n<p><strong><em>Los \u00faltimos casos de meningitis en Chiriqu\u00ed, se registraron a mediados del pasado mes en dos infantes hermanos; y ambos se recuperaron satisfactoriamente.<\/em><\/strong><\/p>\n<p>&nbsp;<\/p>\n<p>Fuente: MINSA<\/p>\n","protected":false},"excerpt":{"rendered":"<p>La directora m\u00e9dica del Ministerio de Salud, en la provincia <a href=\"https:\/\/sertv.gob.pa\/crisolfm\/minsa-advierte-sobre-afecciones-virales-por-temporada-y-evolucion-en-casos-de-meningitis\/\"> [&#8230;]<\/a><\/p>\n","protected":false},"author":9,"featured_media":61465,"comment_status":"closed","ping_status":"closed","sticky":false,"template":"","format":"standard","meta":{"footnotes":""},"categories":[14],"tags":[],"class_list":["post-61464","post","type-post","status-publish","format-standard","has-post-thumbnail","hentry","category-salud"],"_links":{"self":[{"href":"https:\/\/sertv.gob.pa\/crisolfm\/wp-json\/wp\/v2\/posts\/61464","targetHints":{"allow":["GET"]}}],"collection":[{"href":"https:\/\/sertv.gob.pa\/crisolfm\/wp-json\/wp\/v2\/posts"}],"about":[{"href":"https:\/\/sertv.gob.pa\/crisolfm\/wp-json\/wp\/v2\/types\/post"}],"author":[{"embeddable":true,"href":"https:\/\/sertv.gob.pa\/crisolfm\/wp-json\/wp\/v2\/users\/9"}],"replies":[{"embeddable":true,"href":"https:\/\/sertv.gob.pa\/crisolfm\/wp-json\/wp\/v2\/comments?post=61464"}],"version-history":[{"count":1,"href":"https:\/\/sertv.gob.pa\/crisolfm\/wp-json\/wp\/v2\/posts\/61464\/revisions"}],"predecessor-version":[{"id":61466,"href":"https:\/\/sertv.gob.pa\/crisolfm\/wp-json\/wp\/v2\/posts\/61464\/revisions\/61466"}],"wp:featuredmedia":[{"embeddable":true,"href":"https:\/\/sertv.gob.pa\/crisolfm\/wp-json\/wp\/v2\/media\/61465"}],"wp:attachment":[{"href":"https:\/\/sertv.gob.pa\/crisolfm\/wp-json\/wp\/v2\/media?parent=61464"}],"wp:term":[{"taxonomy":"category","embeddable":true,"href":"https:\/\/sertv.gob.pa\/crisolfm\/wp-json\/wp\/v2\/categories?post=61464"},{"taxonomy":"post_tag","embeddable":true,"href":"https:\/\/sertv.gob.pa\/crisolfm\/wp-json\/wp\/v2\/tags?post=61464"}],"curies":[{"name":"wp","href":"https:\/\/api.w.org\/{rel}","templated":true}]}}