{"id":61467,"date":"2024-05-09T15:48:55","date_gmt":"2024-05-09T15:48:55","guid":{"rendered":"https:\/\/sertv.gob.pa\/crisolfm\/?p=61467"},"modified":"2024-05-09T15:48:55","modified_gmt":"2024-05-09T15:48:55","slug":"fortalecen-motricidad-gruesa-de-estudiantes-de-autismo-con-circuito","status":"publish","type":"post","link":"https:\/\/sertv.gob.pa\/crisolfm\/fortalecen-motricidad-gruesa-de-estudiantes-de-autismo-con-circuito\/","title":{"rendered":"Fortalecen motricidad gruesa de estudiantes de autismo con circuito"},"content":{"rendered":"<div class=\"fusion-fullwidth fullwidth-box fusion-builder-row-1 fusion-flex-container has-pattern-background has-mask-background nonhundred-percent-fullwidth non-hundred-percent-height-scrolling\" style=\"--awb-border-radius-top-left:0px;--awb-border-radius-top-right:0px;--awb-border-radius-bottom-right:0px;--awb-border-radius-bottom-left:0px;--awb-flex-wrap:wrap;\" ><div class=\"fusion-builder-row fusion-row fusion-flex-align-items-flex-start fusion-flex-content-wrap\" style=\"max-width:1144px;margin-left: calc(-4% \/ 2 );margin-right: calc(-4% \/ 2 );\"><div class=\"fusion-layout-column fusion_builder_column fusion-builder-column-0 fusion_builder_column_1_1 1_1 fusion-flex-column\" style=\"--awb-bg-size:cover;--awb-width-large:100%;--awb-margin-top-large:0px;--awb-spacing-right-large:1.92%;--awb-margin-bottom-large:20px;--awb-spacing-left-large:1.92%;--awb-width-medium:100%;--awb-order-medium:0;--awb-spacing-right-medium:1.92%;--awb-spacing-left-medium:1.92%;--awb-width-small:100%;--awb-order-small:0;--awb-spacing-right-small:1.92%;--awb-spacing-left-small:1.92%;\"><div class=\"fusion-column-wrapper fusion-column-has-shadow fusion-flex-justify-content-flex-start fusion-content-layout-column\"><div class=\"fusion-text fusion-text-1\"><p><strong><em>Los estudiantes del tercer grado del Programa de Autismo, compa\u00f1ados de sus padres de familia, participaron de un circuito gimn\u00e1stico en el gimnasio Jos\u00e9 \u00abPorky\u00bb Ru\u00edz, como parte de las actividades ludopedag\u00f3gicas que se realizan para promover su desarrollo f\u00edsico y su coordinaci\u00f3n motora.<\/em><\/strong><\/p>\n<p><strong><em>La profesora Yamileth Mart\u00ednez, a trav\u00e9s de diversas actividades brind\u00f3 a los estudiantes la oportunidad de mejorar su motricidad gruesa y dominar sus movimientos corporales, entre las actividades que desarrollaron est\u00e1n recorrer barras de equilibrio, obst\u00e1culos de agilidad y conos.<\/em><\/strong><\/p>\n<p><strong><em>El Programa de Autismo, actualmente cuenta con una matr\u00edcula de 542 estudiantes, donde 168 se encuentran en la sede y 374 en centros educativos inclusivos, donde se evidencia un compromiso con la inclusi\u00f3n y el bienestar de los alumnos.<\/em><\/strong><\/p>\n<p>Fuente: IPHE<\/p>\n<\/div><div class=\"awb-gallery-wrapper awb-gallery-wrapper-1 button-span-no\" style=\"--more-btn-alignment:center;\"><div style=\"margin:-5px;--awb-bordersize:0px;\" class=\"fusion-gallery fusion-gallery-container fusion-grid-3 fusion-columns-total-3 fusion-gallery-layout-grid fusion-gallery-1\"><div style=\"padding:5px;\" class=\"fusion-grid-column fusion-gallery-column fusion-gallery-column-3 hover-type-none\"><div class=\"fusion-gallery-image\"><a href=\"https:\/\/sertv.gob.pa\/crisolfm\/wp-content\/uploads\/sites\/2\/2024\/05\/AUTISMO-MOTRICIDAD-8.jpeg\" rel=\"noreferrer\" data-rel=\"iLightbox[gallery_image_1]\" class=\"fusion-lightbox\" target=\"_self\"><img decoding=\"async\" src=\"https:\/\/sertv.gob.pa\/crisolfm\/wp-content\/uploads\/sites\/2\/2024\/05\/AUTISMO-MOTRICIDAD-8.jpeg\" width=\"600\" height=\"400\" alt=\"\" title=\"CREATOR: gd-jpeg v1.0 (using IJG JPEG v80), quality = 90\" aria-label=\"CREATOR: gd-jpeg v1.0 (using IJG JPEG v80), quality = 90\" class=\"img-responsive wp-image-61469\" srcset=\"https:\/\/sertv.gob.pa\/crisolfm\/wp-content\/uploads\/sites\/2\/2024\/05\/AUTISMO-MOTRICIDAD-8-200x133.jpeg 200w, https:\/\/sertv.gob.pa\/crisolfm\/wp-content\/uploads\/sites\/2\/2024\/05\/AUTISMO-MOTRICIDAD-8-400x267.jpeg 400w, https:\/\/sertv.gob.pa\/crisolfm\/wp-content\/uploads\/sites\/2\/2024\/05\/AUTISMO-MOTRICIDAD-8.jpeg 600w\" sizes=\"(min-width: 2200px) 100vw, (min-width: 784px) 363px, (min-width: 712px) 545px, (min-width: 640px) 712px, \" \/><\/a><\/div><\/div><div style=\"padding:5px;\" class=\"fusion-grid-column fusion-gallery-column fusion-gallery-column-3 hover-type-none\"><div class=\"fusion-gallery-image\"><a href=\"https:\/\/sertv.gob.pa\/crisolfm\/wp-content\/uploads\/sites\/2\/2024\/05\/AUTISMO-MOTRICIDAD-4.jpeg\" rel=\"noreferrer\" data-rel=\"iLightbox[gallery_image_1]\" class=\"fusion-lightbox\" target=\"_self\"><img decoding=\"async\" src=\"https:\/\/sertv.gob.pa\/crisolfm\/wp-content\/uploads\/sites\/2\/2024\/05\/AUTISMO-MOTRICIDAD-4.jpeg\" width=\"600\" height=\"400\" alt=\"\" title=\"CREATOR: gd-jpeg v1.0 (using IJG JPEG v80), quality = 90\" aria-label=\"CREATOR: gd-jpeg v1.0 (using IJG JPEG v80), quality = 90\" class=\"img-responsive wp-image-61470\" srcset=\"https:\/\/sertv.gob.pa\/crisolfm\/wp-content\/uploads\/sites\/2\/2024\/05\/AUTISMO-MOTRICIDAD-4-200x133.jpeg 200w, https:\/\/sertv.gob.pa\/crisolfm\/wp-content\/uploads\/sites\/2\/2024\/05\/AUTISMO-MOTRICIDAD-4-400x267.jpeg 400w, https:\/\/sertv.gob.pa\/crisolfm\/wp-content\/uploads\/sites\/2\/2024\/05\/AUTISMO-MOTRICIDAD-4.jpeg 600w\" sizes=\"(min-width: 2200px) 100vw, (min-width: 784px) 363px, (min-width: 712px) 545px, (min-width: 640px) 712px, \" \/><\/a><\/div><\/div><div style=\"padding:5px;\" class=\"fusion-grid-column fusion-gallery-column fusion-gallery-column-3 hover-type-none\"><div class=\"fusion-gallery-image\"><a href=\"https:\/\/sertv.gob.pa\/crisolfm\/wp-content\/uploads\/sites\/2\/2024\/05\/AUTISMO-MOTRICIDAD-3.jpeg\" rel=\"noreferrer\" data-rel=\"iLightbox[gallery_image_1]\" class=\"fusion-lightbox\" target=\"_self\"><img decoding=\"async\" src=\"https:\/\/sertv.gob.pa\/crisolfm\/wp-content\/uploads\/sites\/2\/2024\/05\/AUTISMO-MOTRICIDAD-3.jpeg\" width=\"600\" height=\"400\" alt=\"\" title=\"CREATOR: gd-jpeg v1.0 (using IJG JPEG v80), quality = 90\" aria-label=\"CREATOR: gd-jpeg v1.0 (using IJG JPEG v80), quality = 90\" class=\"img-responsive wp-image-61471\" srcset=\"https:\/\/sertv.gob.pa\/crisolfm\/wp-content\/uploads\/sites\/2\/2024\/05\/AUTISMO-MOTRICIDAD-3-200x133.jpeg 200w, https:\/\/sertv.gob.pa\/crisolfm\/wp-content\/uploads\/sites\/2\/2024\/05\/AUTISMO-MOTRICIDAD-3-400x267.jpeg 400w, https:\/\/sertv.gob.pa\/crisolfm\/wp-content\/uploads\/sites\/2\/2024\/05\/AUTISMO-MOTRICIDAD-3.jpeg 600w\" sizes=\"(min-width: 2200px) 100vw, (min-width: 784px) 363px, (min-width: 712px) 545px, (min-width: 640px) 712px, \" \/><\/a><\/div><\/div><div class=\"clearfix\"><\/div><\/div><\/div><\/div><\/div><\/div><\/div>\n","protected":false},"excerpt":{"rendered":"","protected":false},"author":9,"featured_media":61468,"comment_status":"closed","ping_status":"closed","sticky":false,"template":"","format":"standard","meta":{"footnotes":""},"categories":[14],"tags":[],"class_list":["post-61467","post","type-post","status-publish","format-standard","has-post-thumbnail","hentry","category-salud"],"_links":{"self":[{"href":"https:\/\/sertv.gob.pa\/crisolfm\/wp-json\/wp\/v2\/posts\/61467","targetHints":{"allow":["GET"]}}],"collection":[{"href":"https:\/\/sertv.gob.pa\/crisolfm\/wp-json\/wp\/v2\/posts"}],"about":[{"href":"https:\/\/sertv.gob.pa\/crisolfm\/wp-json\/wp\/v2\/types\/post"}],"author":[{"embeddable":true,"href":"https:\/\/sertv.gob.pa\/crisolfm\/wp-json\/wp\/v2\/users\/9"}],"replies":[{"embeddable":true,"href":"https:\/\/sertv.gob.pa\/crisolfm\/wp-json\/wp\/v2\/comments?post=61467"}],"version-history":[{"count":1,"href":"https:\/\/sertv.gob.pa\/crisolfm\/wp-json\/wp\/v2\/posts\/61467\/revisions"}],"predecessor-version":[{"id":61472,"href":"https:\/\/sertv.gob.pa\/crisolfm\/wp-json\/wp\/v2\/posts\/61467\/revisions\/61472"}],"wp:featuredmedia":[{"embeddable":true,"href":"https:\/\/sertv.gob.pa\/crisolfm\/wp-json\/wp\/v2\/media\/61468"}],"wp:attachment":[{"href":"https:\/\/sertv.gob.pa\/crisolfm\/wp-json\/wp\/v2\/media?parent=61467"}],"wp:term":[{"taxonomy":"category","embeddable":true,"href":"https:\/\/sertv.gob.pa\/crisolfm\/wp-json\/wp\/v2\/categories?post=61467"},{"taxonomy":"post_tag","embeddable":true,"href":"https:\/\/sertv.gob.pa\/crisolfm\/wp-json\/wp\/v2\/tags?post=61467"}],"curies":[{"name":"wp","href":"https:\/\/api.w.org\/{rel}","templated":true}]}}