{"id":61476,"date":"2024-05-09T17:52:23","date_gmt":"2024-05-09T17:52:23","guid":{"rendered":"https:\/\/sertv.gob.pa\/crisolfm\/?p=61476"},"modified":"2024-05-09T17:52:23","modified_gmt":"2024-05-09T17:52:23","slug":"salvamento-rescata-a-112-inmigrantes-de-dos-neumaticas-en-fuerteventura-entre-ellos-un-nino","status":"publish","type":"post","link":"https:\/\/sertv.gob.pa\/crisolfm\/salvamento-rescata-a-112-inmigrantes-de-dos-neumaticas-en-fuerteventura-entre-ellos-un-nino\/","title":{"rendered":"Salvamento rescata a 112 inmigrantes de dos neum\u00e1ticas en Fuerteventura, entre ellos un ni\u00f1o"},"content":{"rendered":"<p><strong><em>\u00a0<\/em><\/strong><strong><em>Las Palmas de Gran Canaria (EFE).- <\/em><\/strong><em>Salvamento Mar\u00edtimo ha rescatado este jueves a 112 inmigrantes, en su mayor\u00eda de origen subsahariano, que trataban de llegar a Fuerteventura en dos lanchas neum\u00e1ticas, entre ellos tres mujeres y un ni\u00f1o.<\/em><\/p>\n<p><em>Seg\u00fan ha informado a EFE un portavoz de la sociedad estatal, la Salvamar \u00cdzar fue movilizada desde Gran Tarajal al recibirse el aviso de que los ocupantes de una lancha neum\u00e1tica ped\u00edan ayuda tras haberse quedado a la deriva a 23 kil\u00f3metros de la costa.<\/em><\/p>\n<p><em>El barco de rescate encontr\u00f3 a ese primer grupo sobre las 11.50 horas. Se trataba de 55 hombres y dos mujeres que hab\u00edan salido anoche desde alg\u00fan punto de la costa marroqu\u00ed entre Tan Tan y Tarfaya, seg\u00fan han relatado.<\/em><\/p>\n<p><em>A unos cinco kil\u00f3metros de distancia de ellos, la Salvamar avist\u00f3 a otra neum\u00e1tica en la que viajaban 53 hombres, una mujer y el ni\u00f1o.<\/em><\/p>\n<p><em>Todos ellos han llegado sobre las 14.145 horas (hora canaria) al puerto de Gran Tarajal, donde han recibido las primeras asistencias.<\/em><\/p>\n","protected":false},"excerpt":{"rendered":"<p>\u00a0Las Palmas de Gran Canaria (EFE).- Salvamento Mar\u00edtimo ha rescatado <a href=\"https:\/\/sertv.gob.pa\/crisolfm\/salvamento-rescata-a-112-inmigrantes-de-dos-neumaticas-en-fuerteventura-entre-ellos-un-nino\/\"> [&#8230;]<\/a><\/p>\n","protected":false},"author":9,"featured_media":61477,"comment_status":"closed","ping_status":"closed","sticky":false,"template":"","format":"standard","meta":{"footnotes":""},"categories":[13],"tags":[],"class_list":["post-61476","post","type-post","status-publish","format-standard","has-post-thumbnail","hentry","category-internacionales"],"_links":{"self":[{"href":"https:\/\/sertv.gob.pa\/crisolfm\/wp-json\/wp\/v2\/posts\/61476","targetHints":{"allow":["GET"]}}],"collection":[{"href":"https:\/\/sertv.gob.pa\/crisolfm\/wp-json\/wp\/v2\/posts"}],"about":[{"href":"https:\/\/sertv.gob.pa\/crisolfm\/wp-json\/wp\/v2\/types\/post"}],"author":[{"embeddable":true,"href":"https:\/\/sertv.gob.pa\/crisolfm\/wp-json\/wp\/v2\/users\/9"}],"replies":[{"embeddable":true,"href":"https:\/\/sertv.gob.pa\/crisolfm\/wp-json\/wp\/v2\/comments?post=61476"}],"version-history":[{"count":1,"href":"https:\/\/sertv.gob.pa\/crisolfm\/wp-json\/wp\/v2\/posts\/61476\/revisions"}],"predecessor-version":[{"id":61478,"href":"https:\/\/sertv.gob.pa\/crisolfm\/wp-json\/wp\/v2\/posts\/61476\/revisions\/61478"}],"wp:featuredmedia":[{"embeddable":true,"href":"https:\/\/sertv.gob.pa\/crisolfm\/wp-json\/wp\/v2\/media\/61477"}],"wp:attachment":[{"href":"https:\/\/sertv.gob.pa\/crisolfm\/wp-json\/wp\/v2\/media?parent=61476"}],"wp:term":[{"taxonomy":"category","embeddable":true,"href":"https:\/\/sertv.gob.pa\/crisolfm\/wp-json\/wp\/v2\/categories?post=61476"},{"taxonomy":"post_tag","embeddable":true,"href":"https:\/\/sertv.gob.pa\/crisolfm\/wp-json\/wp\/v2\/tags?post=61476"}],"curies":[{"name":"wp","href":"https:\/\/api.w.org\/{rel}","templated":true}]}}