{"id":6152,"date":"2016-09-12T19:11:06","date_gmt":"2016-09-12T19:11:06","guid":{"rendered":""},"modified":"2016-09-12T19:11:06","modified_gmt":"2016-09-12T19:11:06","slug":"varela-sanciona-ley-que-ratifica-acuerdo-de-paris","status":"publish","type":"post","link":"https:\/\/sertv.gob.pa\/crisolfm\/varela-sanciona-ley-que-ratifica-acuerdo-de-paris\/","title":{"rendered":"Varela sanciona ley que ratifica acuerdo de Par\u00eds"},"content":{"rendered":"<p>\nHoy Panam\u00e1 se convirti\u00f3\u00a0en el pa\u00eds n\u00famero 28 en ratificar el acuerdo de Par\u00eds sobre cambio clim\u00e1tico, cuyo fin es proteger el planeta. <\/p>\n<p>Durante el acto de ratificaci\u00f3n del acuerdo de Par\u00eds, el presidente del Rep\u00fablica Juan Carlos Varela dijo que Panam\u00e1 se prepara para implementar acciones clim\u00e1ticamente inteligentes en los sectores de energ\u00eda, sanidad b\u00e1sica, forestal, agr\u00edcola y movilidad, en un marco de transparencia que facilite el crecimiento econ\u00f3mico, social con conciencia ambiental tanto en las \u00e1reas rurales como urbanas. <\/p>\n<p>El mandatario a\u00f1adi\u00f3 que Panam\u00e1 est\u00e1 mostrando liderazgo y compromiso no solo al ratificar el acuerdo de Par\u00eds, sino en la puesta en marcha del Centro Internacional de Implementaci\u00f3n de la Reducci\u00f3n de Emisiones por Deforestaci\u00f3n y Degradaci\u00f3n del Bosque REDD+ (ICIREDD). <\/p>\n<p>Por su parte, la ministra de Ambiente, Mirei Endara plante\u00f3 que la creaci\u00f3n del ICIREDD+ que propuso Panam\u00e1 en Par\u00eds y cuya sede est\u00e1 en nuestro pa\u00eds, nos posiciona como l\u00edder regional en la lucha contra el cambio clim\u00e1tico y fortalecer\u00e1 la adopci\u00f3n de una pol\u00edtica nacional frente a esta amenaza. <\/p>\n<p>El acuerdo de Par\u00eds fue aprobado en la Cumbre 21 de la Convenci\u00f3n de las Naciones sobre el cambio clim\u00e1tico a finales del 2015. <\/p>\n<p>\u00a0 <\/p>\n","protected":false},"excerpt":{"rendered":"<p>Hoy Panam\u00e1 se convirti\u00f3\u00a0en el pa\u00eds n\u00famero 28 en ratificar <a href=\"https:\/\/sertv.gob.pa\/crisolfm\/varela-sanciona-ley-que-ratifica-acuerdo-de-paris\/\"> [&#8230;]<\/a><\/p>\n","protected":false},"author":1,"featured_media":6153,"comment_status":"closed","ping_status":"closed","sticky":false,"template":"","format":"standard","meta":{"footnotes":""},"categories":[7],"tags":[],"class_list":["post-6152","post","type-post","status-publish","format-standard","has-post-thumbnail","hentry","category-ecologicas"],"_links":{"self":[{"href":"https:\/\/sertv.gob.pa\/crisolfm\/wp-json\/wp\/v2\/posts\/6152","targetHints":{"allow":["GET"]}}],"collection":[{"href":"https:\/\/sertv.gob.pa\/crisolfm\/wp-json\/wp\/v2\/posts"}],"about":[{"href":"https:\/\/sertv.gob.pa\/crisolfm\/wp-json\/wp\/v2\/types\/post"}],"author":[{"embeddable":true,"href":"https:\/\/sertv.gob.pa\/crisolfm\/wp-json\/wp\/v2\/users\/1"}],"replies":[{"embeddable":true,"href":"https:\/\/sertv.gob.pa\/crisolfm\/wp-json\/wp\/v2\/comments?post=6152"}],"version-history":[{"count":0,"href":"https:\/\/sertv.gob.pa\/crisolfm\/wp-json\/wp\/v2\/posts\/6152\/revisions"}],"wp:featuredmedia":[{"embeddable":true,"href":"https:\/\/sertv.gob.pa\/crisolfm\/wp-json\/wp\/v2\/media\/6153"}],"wp:attachment":[{"href":"https:\/\/sertv.gob.pa\/crisolfm\/wp-json\/wp\/v2\/media?parent=6152"}],"wp:term":[{"taxonomy":"category","embeddable":true,"href":"https:\/\/sertv.gob.pa\/crisolfm\/wp-json\/wp\/v2\/categories?post=6152"},{"taxonomy":"post_tag","embeddable":true,"href":"https:\/\/sertv.gob.pa\/crisolfm\/wp-json\/wp\/v2\/tags?post=6152"}],"curies":[{"name":"wp","href":"https:\/\/api.w.org\/{rel}","templated":true}]}}