{"id":6154,"date":"2016-09-13T15:12:54","date_gmt":"2016-09-13T15:12:54","guid":{"rendered":""},"modified":"2016-09-13T15:12:54","modified_gmt":"2016-09-13T15:12:54","slug":"corea-del-sur-sacudida-por-dos-terremotos","status":"publish","type":"post","link":"https:\/\/sertv.gob.pa\/crisolfm\/corea-del-sur-sacudida-por-dos-terremotos\/","title":{"rendered":"Corea del Sur sacudida por dos terremotos"},"content":{"rendered":"<p>\nUn terremoto de 5,8 grados en la escala abierta de Richter afect\u00f3 ayer lunes al sureste de Corea del Sur menos de una hora luego de que otro se\u00edsmo de 5,1 sacudiera esta misma zona del pa\u00eds asi\u00e1tico, donde no se ha informado de da\u00f1os importantes. <\/p>\n<p>El segundo temblor, el m\u00e1s fuerte registrado jam\u00e1s por la Administraci\u00f3n Meteorol\u00f3gica de Corea (KMA), tuvo lugar a las 20.35 hora local (11.35 GMT) con epicentro en Gyeongju, localidad en la provincia de Gyeongsang del Norte situada a unos 370 kil\u00f3metros al sureste de Se\u00fal. <\/p>\n<p>Unos 50 minutos antes se hab\u00eda producido otro se\u00edsmo de 5,1 grados (rebajado desde los 5,3 grados estimados originalmente por la KMA) con epicentro unos 9 kil\u00f3metros al sur de donde golpe\u00f3 el segundo. <\/p>\n<p>El m\u00e1s potente de los dos terremotos se not\u00f3 en buena parte del pa\u00eds, aunque el Ministerio de Seguridad P\u00fablica surcoreano no ha informado de da\u00f1os de consideraci\u00f3n. <\/p>\n<p>\u00a0 <\/p>\n<p>\u00a0 <\/p>\n","protected":false},"excerpt":{"rendered":"<p>Un terremoto de 5,8 grados en la escala abierta de <a href=\"https:\/\/sertv.gob.pa\/crisolfm\/corea-del-sur-sacudida-por-dos-terremotos\/\"> [&#8230;]<\/a><\/p>\n","protected":false},"author":1,"featured_media":6155,"comment_status":"closed","ping_status":"closed","sticky":false,"template":"","format":"standard","meta":{"footnotes":""},"categories":[7],"tags":[],"class_list":["post-6154","post","type-post","status-publish","format-standard","has-post-thumbnail","hentry","category-ecologicas"],"_links":{"self":[{"href":"https:\/\/sertv.gob.pa\/crisolfm\/wp-json\/wp\/v2\/posts\/6154","targetHints":{"allow":["GET"]}}],"collection":[{"href":"https:\/\/sertv.gob.pa\/crisolfm\/wp-json\/wp\/v2\/posts"}],"about":[{"href":"https:\/\/sertv.gob.pa\/crisolfm\/wp-json\/wp\/v2\/types\/post"}],"author":[{"embeddable":true,"href":"https:\/\/sertv.gob.pa\/crisolfm\/wp-json\/wp\/v2\/users\/1"}],"replies":[{"embeddable":true,"href":"https:\/\/sertv.gob.pa\/crisolfm\/wp-json\/wp\/v2\/comments?post=6154"}],"version-history":[{"count":0,"href":"https:\/\/sertv.gob.pa\/crisolfm\/wp-json\/wp\/v2\/posts\/6154\/revisions"}],"wp:featuredmedia":[{"embeddable":true,"href":"https:\/\/sertv.gob.pa\/crisolfm\/wp-json\/wp\/v2\/media\/6155"}],"wp:attachment":[{"href":"https:\/\/sertv.gob.pa\/crisolfm\/wp-json\/wp\/v2\/media?parent=6154"}],"wp:term":[{"taxonomy":"category","embeddable":true,"href":"https:\/\/sertv.gob.pa\/crisolfm\/wp-json\/wp\/v2\/categories?post=6154"},{"taxonomy":"post_tag","embeddable":true,"href":"https:\/\/sertv.gob.pa\/crisolfm\/wp-json\/wp\/v2\/tags?post=6154"}],"curies":[{"name":"wp","href":"https:\/\/api.w.org\/{rel}","templated":true}]}}