{"id":61574,"date":"2024-05-14T14:58:10","date_gmt":"2024-05-14T14:58:10","guid":{"rendered":"https:\/\/sertv.gob.pa\/crisolfm\/?p=61574"},"modified":"2024-05-14T14:58:10","modified_gmt":"2024-05-14T14:58:10","slug":"refuerzan-acciones-en-centro-de-salud-de-adolescentes-de-colon","status":"publish","type":"post","link":"https:\/\/sertv.gob.pa\/crisolfm\/refuerzan-acciones-en-centro-de-salud-de-adolescentes-de-colon\/","title":{"rendered":"Refuerzan acciones en Centro de salud de adolescentes de Col\u00f3n"},"content":{"rendered":"<p><strong><em>La Coordinaci\u00f3n regional de trabajo social de la Regi\u00f3n de Col\u00f3n, coordina actividades para reforzar el trabajo del personal que labora en el Centro de salud integral de los adolescentes.<\/em><\/strong><\/p>\n<p><strong><em>Estas capacitaciones, consisten en integrar al personal para lograr un fin en com\u00fan, que es reforzar las acciones en todas las carteras de atenci\u00f3n que se brinda a los adolescentes que acuden de lunes a viernes a estas instalaciones junto a sus familiares.<\/em><\/strong><\/p>\n<p><strong><em>Esta coordinaci\u00f3n, cuenta con el apoyo del programa de capacitaci\u00f3n del recurso humano del nivel nacional, interesado en apoyar al personal del MINSA.<\/em><\/strong><\/p>\n<p><em>\u00a0<\/em><\/p>\n<p><em>Fuente: MINSA<\/em><\/p>\n","protected":false},"excerpt":{"rendered":"<p>La Coordinaci\u00f3n regional de trabajo social de la Regi\u00f3n de <a href=\"https:\/\/sertv.gob.pa\/crisolfm\/refuerzan-acciones-en-centro-de-salud-de-adolescentes-de-colon\/\"> [&#8230;]<\/a><\/p>\n","protected":false},"author":9,"featured_media":61575,"comment_status":"closed","ping_status":"closed","sticky":false,"template":"","format":"standard","meta":{"footnotes":""},"categories":[14],"tags":[],"class_list":["post-61574","post","type-post","status-publish","format-standard","has-post-thumbnail","hentry","category-salud"],"_links":{"self":[{"href":"https:\/\/sertv.gob.pa\/crisolfm\/wp-json\/wp\/v2\/posts\/61574","targetHints":{"allow":["GET"]}}],"collection":[{"href":"https:\/\/sertv.gob.pa\/crisolfm\/wp-json\/wp\/v2\/posts"}],"about":[{"href":"https:\/\/sertv.gob.pa\/crisolfm\/wp-json\/wp\/v2\/types\/post"}],"author":[{"embeddable":true,"href":"https:\/\/sertv.gob.pa\/crisolfm\/wp-json\/wp\/v2\/users\/9"}],"replies":[{"embeddable":true,"href":"https:\/\/sertv.gob.pa\/crisolfm\/wp-json\/wp\/v2\/comments?post=61574"}],"version-history":[{"count":1,"href":"https:\/\/sertv.gob.pa\/crisolfm\/wp-json\/wp\/v2\/posts\/61574\/revisions"}],"predecessor-version":[{"id":61576,"href":"https:\/\/sertv.gob.pa\/crisolfm\/wp-json\/wp\/v2\/posts\/61574\/revisions\/61576"}],"wp:featuredmedia":[{"embeddable":true,"href":"https:\/\/sertv.gob.pa\/crisolfm\/wp-json\/wp\/v2\/media\/61575"}],"wp:attachment":[{"href":"https:\/\/sertv.gob.pa\/crisolfm\/wp-json\/wp\/v2\/media?parent=61574"}],"wp:term":[{"taxonomy":"category","embeddable":true,"href":"https:\/\/sertv.gob.pa\/crisolfm\/wp-json\/wp\/v2\/categories?post=61574"},{"taxonomy":"post_tag","embeddable":true,"href":"https:\/\/sertv.gob.pa\/crisolfm\/wp-json\/wp\/v2\/tags?post=61574"}],"curies":[{"name":"wp","href":"https:\/\/api.w.org\/{rel}","templated":true}]}}