{"id":61592,"date":"2024-05-14T18:29:06","date_gmt":"2024-05-14T18:29:06","guid":{"rendered":"https:\/\/sertv.gob.pa\/crisolfm\/?p=61592"},"modified":"2024-05-14T18:29:06","modified_gmt":"2024-05-14T18:29:06","slug":"ucrania-esta-estabilizando-la-situacion-en-jarkov-y-alerta-de-otra-posible-ofensiva-en-sumi","status":"publish","type":"post","link":"https:\/\/sertv.gob.pa\/crisolfm\/ucrania-esta-estabilizando-la-situacion-en-jarkov-y-alerta-de-otra-posible-ofensiva-en-sumi\/","title":{"rendered":"Ucrania est\u00e1 \u201cestabilizando\u201d la situaci\u00f3n en J\u00e1rkov y alerta de otra posible ofensiva en Sumi"},"content":{"rendered":"<p><strong><em>\u00a0<\/em><\/strong><\/p>\n<p><strong><em>Kiev (EFE).- <\/em><\/strong><em>El jefe de la inteligencia militar ucraniana (GUR), Kirilo Bud\u00e1nov, neg\u00f3 este martes que Rusia est\u00e9 consiguiendo \u201c\u00e9xitos significativos\u201d en su ofensiva transfronteriza contra la regi\u00f3n de J\u00e1rkov y asegur\u00f3 que las tropas ucranianas est\u00e1n logrando estabilizar la situaci\u00f3n en ese nuevo frente abierto por los rusos el pasado viernes.<\/em><\/p>\n<p><em>Bud\u00e1nov tambi\u00e9n advirti\u00f3 de que Rusia tiene planeada desde hace tiempo una operaci\u00f3n similar contra otra regi\u00f3n fronteriza, la de Sumi, al noroeste de J\u00e1rkov.<\/em><\/p>\n<p><em>\u201cPor ahora, mantienen a peque\u00f1os grupos de tropas en (el lado ruso de) la zona de frontera, pero la situaci\u00f3n no les ha permitido llevar a cabo acciones ofensivas y empezar a ejecutar el plan\u201d, dijo Bud\u00e1nov.<\/em><\/p>\n<p><em>Seg\u00fan el influyente grupo de an\u00e1lisis ucraniano DeepState, que sigue a diario el curso del conflicto, tropas rusas han tomado en las \u00faltimas horas el control de la localidad de Lukyantsi, cerca de la frontera con Rusia y situada a unos 40 kil\u00f3metros al noreste de J\u00e1rkov.<\/em><\/p>\n<p><em>\u00a0<\/em><\/p>\n<p><em>\u00a0<\/em><\/p>\n","protected":false},"excerpt":{"rendered":"<p>\u00a0 Kiev (EFE).- El jefe de la inteligencia militar ucraniana <a href=\"https:\/\/sertv.gob.pa\/crisolfm\/ucrania-esta-estabilizando-la-situacion-en-jarkov-y-alerta-de-otra-posible-ofensiva-en-sumi\/\"> [&#8230;]<\/a><\/p>\n","protected":false},"author":9,"featured_media":61593,"comment_status":"closed","ping_status":"closed","sticky":false,"template":"","format":"standard","meta":{"footnotes":""},"categories":[13],"tags":[],"class_list":["post-61592","post","type-post","status-publish","format-standard","has-post-thumbnail","hentry","category-internacionales"],"_links":{"self":[{"href":"https:\/\/sertv.gob.pa\/crisolfm\/wp-json\/wp\/v2\/posts\/61592","targetHints":{"allow":["GET"]}}],"collection":[{"href":"https:\/\/sertv.gob.pa\/crisolfm\/wp-json\/wp\/v2\/posts"}],"about":[{"href":"https:\/\/sertv.gob.pa\/crisolfm\/wp-json\/wp\/v2\/types\/post"}],"author":[{"embeddable":true,"href":"https:\/\/sertv.gob.pa\/crisolfm\/wp-json\/wp\/v2\/users\/9"}],"replies":[{"embeddable":true,"href":"https:\/\/sertv.gob.pa\/crisolfm\/wp-json\/wp\/v2\/comments?post=61592"}],"version-history":[{"count":1,"href":"https:\/\/sertv.gob.pa\/crisolfm\/wp-json\/wp\/v2\/posts\/61592\/revisions"}],"predecessor-version":[{"id":61594,"href":"https:\/\/sertv.gob.pa\/crisolfm\/wp-json\/wp\/v2\/posts\/61592\/revisions\/61594"}],"wp:featuredmedia":[{"embeddable":true,"href":"https:\/\/sertv.gob.pa\/crisolfm\/wp-json\/wp\/v2\/media\/61593"}],"wp:attachment":[{"href":"https:\/\/sertv.gob.pa\/crisolfm\/wp-json\/wp\/v2\/media?parent=61592"}],"wp:term":[{"taxonomy":"category","embeddable":true,"href":"https:\/\/sertv.gob.pa\/crisolfm\/wp-json\/wp\/v2\/categories?post=61592"},{"taxonomy":"post_tag","embeddable":true,"href":"https:\/\/sertv.gob.pa\/crisolfm\/wp-json\/wp\/v2\/tags?post=61592"}],"curies":[{"name":"wp","href":"https:\/\/api.w.org\/{rel}","templated":true}]}}