{"id":6164,"date":"2016-09-13T16:22:05","date_gmt":"2016-09-13T16:22:05","guid":{"rendered":""},"modified":"2016-09-13T16:22:05","modified_gmt":"2016-09-13T16:22:05","slug":"al-rescate-de-los-arrecifes-de-coral","status":"publish","type":"post","link":"https:\/\/sertv.gob.pa\/crisolfm\/al-rescate-de-los-arrecifes-de-coral\/","title":{"rendered":"Al rescate de los arrecifes de coral"},"content":{"rendered":"<p>\nCient\u00edficos y conservacionistas abrieron una ventana de esperanza para los arrecifes de coral, en el Congreso Mundial de la Naturaleza, que se lleva a cabo en Haw\u00e1i, con la presentaci\u00f3n de varios proyectos con los cuales buscan demostrar que los planes de conservaci\u00f3n estrat\u00e9gicos pueden salvar estos ecosistemas y su diversidad biol\u00f3gica de las amenazas que les acechan. <\/p>\n<p>\u00a0 <\/p>\n","protected":false},"excerpt":{"rendered":"<p>Cient\u00edficos y conservacionistas abrieron una ventana de esperanza para los <a href=\"https:\/\/sertv.gob.pa\/crisolfm\/al-rescate-de-los-arrecifes-de-coral\/\"> [&#8230;]<\/a><\/p>\n","protected":false},"author":1,"featured_media":6165,"comment_status":"closed","ping_status":"closed","sticky":false,"template":"","format":"standard","meta":{"footnotes":""},"categories":[7],"tags":[],"class_list":["post-6164","post","type-post","status-publish","format-standard","has-post-thumbnail","hentry","category-ecologicas"],"_links":{"self":[{"href":"https:\/\/sertv.gob.pa\/crisolfm\/wp-json\/wp\/v2\/posts\/6164","targetHints":{"allow":["GET"]}}],"collection":[{"href":"https:\/\/sertv.gob.pa\/crisolfm\/wp-json\/wp\/v2\/posts"}],"about":[{"href":"https:\/\/sertv.gob.pa\/crisolfm\/wp-json\/wp\/v2\/types\/post"}],"author":[{"embeddable":true,"href":"https:\/\/sertv.gob.pa\/crisolfm\/wp-json\/wp\/v2\/users\/1"}],"replies":[{"embeddable":true,"href":"https:\/\/sertv.gob.pa\/crisolfm\/wp-json\/wp\/v2\/comments?post=6164"}],"version-history":[{"count":0,"href":"https:\/\/sertv.gob.pa\/crisolfm\/wp-json\/wp\/v2\/posts\/6164\/revisions"}],"wp:featuredmedia":[{"embeddable":true,"href":"https:\/\/sertv.gob.pa\/crisolfm\/wp-json\/wp\/v2\/media\/6165"}],"wp:attachment":[{"href":"https:\/\/sertv.gob.pa\/crisolfm\/wp-json\/wp\/v2\/media?parent=6164"}],"wp:term":[{"taxonomy":"category","embeddable":true,"href":"https:\/\/sertv.gob.pa\/crisolfm\/wp-json\/wp\/v2\/categories?post=6164"},{"taxonomy":"post_tag","embeddable":true,"href":"https:\/\/sertv.gob.pa\/crisolfm\/wp-json\/wp\/v2\/tags?post=6164"}],"curies":[{"name":"wp","href":"https:\/\/api.w.org\/{rel}","templated":true}]}}