{"id":61694,"date":"2024-05-20T14:52:58","date_gmt":"2024-05-20T14:52:58","guid":{"rendered":"https:\/\/sertv.gob.pa\/crisolfm\/?p=61694"},"modified":"2024-05-20T14:52:58","modified_gmt":"2024-05-20T14:52:58","slug":"colaboradores-de-aduanas-finalizan-curso-sobre-procedimientos-aduaneros","status":"publish","type":"post","link":"https:\/\/sertv.gob.pa\/crisolfm\/colaboradores-de-aduanas-finalizan-curso-sobre-procedimientos-aduaneros\/","title":{"rendered":"Colaboradores de Aduanas, finalizan curso sobre \u201cProcedimientos Aduaneros\u201d"},"content":{"rendered":"<p><strong><em>29 funcionarios de la Zona Norte, Zona Oriental y Zona Aeroportuaria de Tocumen, de la Autoridad Nacional de Aduanas de Panam\u00e1, formaron parte del grupo que se capacit\u00f3 recientemente, \u00a0en \u201cProcedimientos Aduaneros\u201d, en el sal\u00f3n de reuniones Carlos Ra\u00fal Piad.\u00a0<\/em><\/strong><\/p>\n<p><strong><em>Esta capacitaci\u00f3n, que se llev\u00f3 a cabo de forma presencial, estuvo a cargo de los expositores: Sagel Gonz\u00e1lez, Delyeris Gonz\u00e1lez, Griselda Gonz\u00e1lez, Isabel Ledezma, Andreina Acosta, Mitzeira Nieto, Enrique Moj\u00edca, Jos\u00e9 Aguilar y Lineth Gonz\u00e1lez, quienes tambi\u00e9n forman parte del personal de la ANA y trataron temas sobre normas de origen, valoraci\u00f3n, retiro previo, comisi\u00f3n tripartita, entre otros puntos.<\/em><\/strong><\/p>\n<p><strong><em>La actividad, fue una realidad gracias a Hitzebeth Buruyides, Secretaria General de la ANA y\u00a0 al \u00c1rea de Capacitaci\u00f3n y Desarrollo Personal.<\/em><\/strong><\/p>\n<p><strong><em>Buruyides, dio las gracias en nombre de la directora general, Tayra Barsallo, y expres\u00f3 la importancia de estar en constante capacitaci\u00f3n para el beneficio del desarrollo laboral de todos.\u00a0<\/em><\/strong><\/p>\n<p><strong><em>Se hicieron actualizaciones y din\u00e1micas sobre estos tr\u00e1mites indispensables para la exportaci\u00f3n e importaci\u00f3n de mercanc\u00edas.<\/em><\/strong><\/p>\n<p><strong><em>Tambi\u00e9n, se mencionaron algunos aspectos normativos para la legalidad de dichos procedimientos.\u00a0<\/em><\/strong><\/p>\n<p><strong><em>Gracias a estos cursos de actualizaci\u00f3n, los colaboradores de Aduanas, mejoran sus conocimientos para cumplir con la facilitaci\u00f3n del comercio de nuestro pa\u00eds.<\/em><\/strong><\/p>\n<p><strong><em>\u00a0<\/em><\/strong><\/p>\n<p>Fuente: ANA<\/p>\n<p>&nbsp;<\/p>\n","protected":false},"excerpt":{"rendered":"<p>29 funcionarios de la Zona Norte, Zona Oriental y Zona <a href=\"https:\/\/sertv.gob.pa\/crisolfm\/colaboradores-de-aduanas-finalizan-curso-sobre-procedimientos-aduaneros\/\"> [&#8230;]<\/a><\/p>\n","protected":false},"author":9,"featured_media":0,"comment_status":"closed","ping_status":"closed","sticky":false,"template":"","format":"standard","meta":{"footnotes":""},"categories":[12],"tags":[],"class_list":["post-61694","post","type-post","status-publish","format-standard","hentry","category-nacionales"],"_links":{"self":[{"href":"https:\/\/sertv.gob.pa\/crisolfm\/wp-json\/wp\/v2\/posts\/61694","targetHints":{"allow":["GET"]}}],"collection":[{"href":"https:\/\/sertv.gob.pa\/crisolfm\/wp-json\/wp\/v2\/posts"}],"about":[{"href":"https:\/\/sertv.gob.pa\/crisolfm\/wp-json\/wp\/v2\/types\/post"}],"author":[{"embeddable":true,"href":"https:\/\/sertv.gob.pa\/crisolfm\/wp-json\/wp\/v2\/users\/9"}],"replies":[{"embeddable":true,"href":"https:\/\/sertv.gob.pa\/crisolfm\/wp-json\/wp\/v2\/comments?post=61694"}],"version-history":[{"count":1,"href":"https:\/\/sertv.gob.pa\/crisolfm\/wp-json\/wp\/v2\/posts\/61694\/revisions"}],"predecessor-version":[{"id":61696,"href":"https:\/\/sertv.gob.pa\/crisolfm\/wp-json\/wp\/v2\/posts\/61694\/revisions\/61696"}],"wp:attachment":[{"href":"https:\/\/sertv.gob.pa\/crisolfm\/wp-json\/wp\/v2\/media?parent=61694"}],"wp:term":[{"taxonomy":"category","embeddable":true,"href":"https:\/\/sertv.gob.pa\/crisolfm\/wp-json\/wp\/v2\/categories?post=61694"},{"taxonomy":"post_tag","embeddable":true,"href":"https:\/\/sertv.gob.pa\/crisolfm\/wp-json\/wp\/v2\/tags?post=61694"}],"curies":[{"name":"wp","href":"https:\/\/api.w.org\/{rel}","templated":true}]}}