{"id":61734,"date":"2024-05-21T18:27:03","date_gmt":"2024-05-21T18:27:03","guid":{"rendered":"https:\/\/sertv.gob.pa\/crisolfm\/?p=61734"},"modified":"2024-05-21T18:27:03","modified_gmt":"2024-05-21T18:27:03","slug":"expendedores-de-alimentos-estan-listos-para-atender-a-los-visitantes-de-la-expo-feria-zlc","status":"publish","type":"post","link":"https:\/\/sertv.gob.pa\/crisolfm\/expendedores-de-alimentos-estan-listos-para-atender-a-los-visitantes-de-la-expo-feria-zlc\/","title":{"rendered":"Expendedores de alimentos est\u00e1n listos para atender a los visitantes de la \u201cExpo Feria ZLC\u201d"},"content":{"rendered":"<p><strong><em>La Expo Feria Mundial Zona Libre de Col\u00f3n (ZLC), est\u00e1 a la vuelta de la esquina y los expendedores de alimentos \u00a1lo saben!.<\/em><\/strong><\/p>\n<p><strong><em>Es por ello, que recientemente, recibieron sus delantales \u201cSoy Zolicol\u201d identific\u00e1ndolos como kioscos de excelencia y buen sabor de la Zona Libre de Col\u00f3n. Listos para atender a los visitantes de la Expo Feria ZL que podr\u00e1n degustar la variedad \u00e9tnica y de sabores del streetfood, de la zona franca.<\/em><\/strong><\/p>\n<p><strong><em>Una experiencia gastron\u00f3mica \u00fanica que el comprador puede disfrutar en esta zona franca.<\/em><\/strong><\/p>\n<p><strong><em>\u00a0<\/em><\/strong><\/p>\n<p>Fuente: ZLC \/ ZOLICOL<\/p>\n","protected":false},"excerpt":{"rendered":"<p>La Expo Feria Mundial Zona Libre de Col\u00f3n (ZLC), est\u00e1 <a href=\"https:\/\/sertv.gob.pa\/crisolfm\/expendedores-de-alimentos-estan-listos-para-atender-a-los-visitantes-de-la-expo-feria-zlc\/\"> [&#8230;]<\/a><\/p>\n","protected":false},"author":9,"featured_media":61735,"comment_status":"closed","ping_status":"closed","sticky":false,"template":"","format":"standard","meta":{"footnotes":""},"categories":[12],"tags":[],"class_list":["post-61734","post","type-post","status-publish","format-standard","has-post-thumbnail","hentry","category-nacionales"],"_links":{"self":[{"href":"https:\/\/sertv.gob.pa\/crisolfm\/wp-json\/wp\/v2\/posts\/61734","targetHints":{"allow":["GET"]}}],"collection":[{"href":"https:\/\/sertv.gob.pa\/crisolfm\/wp-json\/wp\/v2\/posts"}],"about":[{"href":"https:\/\/sertv.gob.pa\/crisolfm\/wp-json\/wp\/v2\/types\/post"}],"author":[{"embeddable":true,"href":"https:\/\/sertv.gob.pa\/crisolfm\/wp-json\/wp\/v2\/users\/9"}],"replies":[{"embeddable":true,"href":"https:\/\/sertv.gob.pa\/crisolfm\/wp-json\/wp\/v2\/comments?post=61734"}],"version-history":[{"count":1,"href":"https:\/\/sertv.gob.pa\/crisolfm\/wp-json\/wp\/v2\/posts\/61734\/revisions"}],"predecessor-version":[{"id":61736,"href":"https:\/\/sertv.gob.pa\/crisolfm\/wp-json\/wp\/v2\/posts\/61734\/revisions\/61736"}],"wp:featuredmedia":[{"embeddable":true,"href":"https:\/\/sertv.gob.pa\/crisolfm\/wp-json\/wp\/v2\/media\/61735"}],"wp:attachment":[{"href":"https:\/\/sertv.gob.pa\/crisolfm\/wp-json\/wp\/v2\/media?parent=61734"}],"wp:term":[{"taxonomy":"category","embeddable":true,"href":"https:\/\/sertv.gob.pa\/crisolfm\/wp-json\/wp\/v2\/categories?post=61734"},{"taxonomy":"post_tag","embeddable":true,"href":"https:\/\/sertv.gob.pa\/crisolfm\/wp-json\/wp\/v2\/tags?post=61734"}],"curies":[{"name":"wp","href":"https:\/\/api.w.org\/{rel}","templated":true}]}}