{"id":61759,"date":"2024-05-22T16:44:59","date_gmt":"2024-05-22T16:44:59","guid":{"rendered":"https:\/\/sertv.gob.pa\/crisolfm\/?p=61759"},"modified":"2024-05-22T16:44:59","modified_gmt":"2024-05-22T16:44:59","slug":"aumentan-los-casos-de-cuadros-respiratorios-en-la-policlinica-de-la-chorrera","status":"publish","type":"post","link":"https:\/\/sertv.gob.pa\/crisolfm\/aumentan-los-casos-de-cuadros-respiratorios-en-la-policlinica-de-la-chorrera\/","title":{"rendered":"Aumentan los casos de cuadros respiratorios en la policl\u00ednica de La Chorrera"},"content":{"rendered":"<p><strong><em>\u00a0<\/em><\/strong><strong><em>Los casos respiratorios reportan un aumento en la demanda de atenci\u00f3n de paciente, en el servicio de urgencias de la Policl\u00ednica \u201cDr. Santiago Barraza\u201d de la Caja de Seguro Social (CSS), ubicado en el distrito de La Chorrera, as\u00ed lo indic\u00f3 el Dr. Emanuel Obald\u00eda, coordinador local del departamento de Epidemiologia de esta unidad ejecutora.<\/em><\/strong><\/p>\n<p><strong><em>De acuerdo con Obald\u00eda, en la semana epidemiol\u00f3gica N\u00b0 17 se registraron 190 casos; en la semana N\u00b018 se registraron 120 casos; y en la semana epidemiol\u00f3gica N\u00b0 19 que inici\u00f3 el 5 de mayo y culmina el 11 de mayo, se registraron 254 casos, duplic\u00e1ndose los casos.<\/em><\/strong><\/p>\n<p><strong><em>A\u00f1adi\u00f3 que, en las estad\u00edsticas mencionadas de enfermedades por cuadros respiratorios, adem\u00e1s de influenza, tambi\u00e9n est\u00e1n incluidos el resfriado com\u00fan, rinofaringitis y faringitis, que son s\u00edndromes gripales que son propios del a\u00f1o.<\/em><\/strong><\/p>\n<p><strong><em>El especialista, se\u00f1al\u00f3 que, es importante mantener las medidas de seguridad, para evitar los contagios, como: el auto cuidado, lavado de manos, el uso de mascarilla en \u00e1reas de mucha aglomeraci\u00f3n; igualmente exhort\u00f3 a la poblaci\u00f3n, para que acudan a vacunarse contra la influenza.<\/em><\/strong><\/p>\n<p><strong><em>\u00a0<\/em><\/strong><\/p>\n<p>Fuente: CSS<\/p>\n","protected":false},"excerpt":{"rendered":"<p>\u00a0Los casos respiratorios reportan un aumento en la demanda de <a href=\"https:\/\/sertv.gob.pa\/crisolfm\/aumentan-los-casos-de-cuadros-respiratorios-en-la-policlinica-de-la-chorrera\/\"> [&#8230;]<\/a><\/p>\n","protected":false},"author":9,"featured_media":61760,"comment_status":"closed","ping_status":"closed","sticky":false,"template":"","format":"standard","meta":{"footnotes":""},"categories":[14],"tags":[],"class_list":["post-61759","post","type-post","status-publish","format-standard","has-post-thumbnail","hentry","category-salud"],"_links":{"self":[{"href":"https:\/\/sertv.gob.pa\/crisolfm\/wp-json\/wp\/v2\/posts\/61759","targetHints":{"allow":["GET"]}}],"collection":[{"href":"https:\/\/sertv.gob.pa\/crisolfm\/wp-json\/wp\/v2\/posts"}],"about":[{"href":"https:\/\/sertv.gob.pa\/crisolfm\/wp-json\/wp\/v2\/types\/post"}],"author":[{"embeddable":true,"href":"https:\/\/sertv.gob.pa\/crisolfm\/wp-json\/wp\/v2\/users\/9"}],"replies":[{"embeddable":true,"href":"https:\/\/sertv.gob.pa\/crisolfm\/wp-json\/wp\/v2\/comments?post=61759"}],"version-history":[{"count":1,"href":"https:\/\/sertv.gob.pa\/crisolfm\/wp-json\/wp\/v2\/posts\/61759\/revisions"}],"predecessor-version":[{"id":61761,"href":"https:\/\/sertv.gob.pa\/crisolfm\/wp-json\/wp\/v2\/posts\/61759\/revisions\/61761"}],"wp:featuredmedia":[{"embeddable":true,"href":"https:\/\/sertv.gob.pa\/crisolfm\/wp-json\/wp\/v2\/media\/61760"}],"wp:attachment":[{"href":"https:\/\/sertv.gob.pa\/crisolfm\/wp-json\/wp\/v2\/media?parent=61759"}],"wp:term":[{"taxonomy":"category","embeddable":true,"href":"https:\/\/sertv.gob.pa\/crisolfm\/wp-json\/wp\/v2\/categories?post=61759"},{"taxonomy":"post_tag","embeddable":true,"href":"https:\/\/sertv.gob.pa\/crisolfm\/wp-json\/wp\/v2\/tags?post=61759"}],"curies":[{"name":"wp","href":"https:\/\/api.w.org\/{rel}","templated":true}]}}