{"id":6178,"date":"2016-09-15T15:15:17","date_gmt":"2016-09-15T15:15:17","guid":{"rendered":""},"modified":"2016-09-15T15:15:17","modified_gmt":"2016-09-15T15:15:17","slug":"julia-tormenta-tropical-lleva-fuertes-chubascos-a-florida-y-georgia","status":"publish","type":"post","link":"https:\/\/sertv.gob.pa\/crisolfm\/julia-tormenta-tropical-lleva-fuertes-chubascos-a-florida-y-georgia\/","title":{"rendered":"Julia, tormenta tropical, lleva fuertes chubascos a Florida y Georgia"},"content":{"rendered":"<p>\nLa tormenta tropical Julia llev\u00f3 el mi\u00e9rcoles fuertes chubascos a la costa nororiental de Florida y la suroriental de Georgia <\/p>\n<p> La tormenta, que se desplaza lentamente, podr\u00eda provocar inundaciones repentinas y se espera que descargue de 7 a 15 cent\u00edmetros (de 3 a 6 pulgadas) de lluvia en algunas zonas hasta el viernes, expresaron representantes del Centro Nacional de Huracanes de Estados Unidos.  <\/p>\n<p> Las autoridades activaron una alerta por tormenta tropical de Fernandina Beach a Altamaha Sound en Georgia.  <\/p>\n<p>Para las 8 de la ma\u00f1ana de ayer mi\u00e9rcoles, Julia estaba unos 20 kil\u00f3metros (10 millas) al oeste de Brunswick, Georgia, y se mov\u00eda en direcci\u00f3n norte a casi 11 kil\u00f3metros por hora (7 millas por hora) con vientos sostenidos de 65 kmp (40 mph). Se espera que se debilite hasta convertirse en depresi\u00f3n tropical. <\/p>\n<p> Por su parte, la tormenta tropical Ian avanza hacia el norte en la zona central del Atl\u00e1ntico, pero no supone una amenaza. En el Pac\u00edfico, el hurac\u00e1n Orlene contin\u00faa debilit\u00e1ndose.  <\/p>\n<p>\u00a0 <\/p>\n","protected":false},"excerpt":{"rendered":"<p>La tormenta tropical Julia llev\u00f3 el mi\u00e9rcoles fuertes chubascos a <a href=\"https:\/\/sertv.gob.pa\/crisolfm\/julia-tormenta-tropical-lleva-fuertes-chubascos-a-florida-y-georgia\/\"> [&#8230;]<\/a><\/p>\n","protected":false},"author":1,"featured_media":6179,"comment_status":"closed","ping_status":"closed","sticky":false,"template":"","format":"standard","meta":{"footnotes":""},"categories":[7],"tags":[],"class_list":["post-6178","post","type-post","status-publish","format-standard","has-post-thumbnail","hentry","category-ecologicas"],"_links":{"self":[{"href":"https:\/\/sertv.gob.pa\/crisolfm\/wp-json\/wp\/v2\/posts\/6178","targetHints":{"allow":["GET"]}}],"collection":[{"href":"https:\/\/sertv.gob.pa\/crisolfm\/wp-json\/wp\/v2\/posts"}],"about":[{"href":"https:\/\/sertv.gob.pa\/crisolfm\/wp-json\/wp\/v2\/types\/post"}],"author":[{"embeddable":true,"href":"https:\/\/sertv.gob.pa\/crisolfm\/wp-json\/wp\/v2\/users\/1"}],"replies":[{"embeddable":true,"href":"https:\/\/sertv.gob.pa\/crisolfm\/wp-json\/wp\/v2\/comments?post=6178"}],"version-history":[{"count":0,"href":"https:\/\/sertv.gob.pa\/crisolfm\/wp-json\/wp\/v2\/posts\/6178\/revisions"}],"wp:featuredmedia":[{"embeddable":true,"href":"https:\/\/sertv.gob.pa\/crisolfm\/wp-json\/wp\/v2\/media\/6179"}],"wp:attachment":[{"href":"https:\/\/sertv.gob.pa\/crisolfm\/wp-json\/wp\/v2\/media?parent=6178"}],"wp:term":[{"taxonomy":"category","embeddable":true,"href":"https:\/\/sertv.gob.pa\/crisolfm\/wp-json\/wp\/v2\/categories?post=6178"},{"taxonomy":"post_tag","embeddable":true,"href":"https:\/\/sertv.gob.pa\/crisolfm\/wp-json\/wp\/v2\/tags?post=6178"}],"curies":[{"name":"wp","href":"https:\/\/api.w.org\/{rel}","templated":true}]}}