{"id":61822,"date":"2024-05-24T17:22:01","date_gmt":"2024-05-24T17:22:01","guid":{"rendered":"https:\/\/sertv.gob.pa\/crisolfm\/?p=61822"},"modified":"2024-05-24T17:22:01","modified_gmt":"2024-05-24T17:22:01","slug":"coif-frobelin-en-bocas-del-toro-conmemora-el-dia-de-la-estimulacion-temprana","status":"publish","type":"post","link":"https:\/\/sertv.gob.pa\/crisolfm\/coif-frobelin-en-bocas-del-toro-conmemora-el-dia-de-la-estimulacion-temprana\/","title":{"rendered":"COIF Frobel\u00edn en Bocas del Toro conmemora el D\u00eda de la Estimulaci\u00f3n Temprana"},"content":{"rendered":"<p><strong><em>En el COIF Frobel\u00edn de Bocas del Toro, se conmemor\u00f3 \u201cel D\u00eda de la Estimulaci\u00f3n Temprana\u201d, con una serie de actividades destinadas a promover el desarrollo integral de los ni\u00f1os.<\/em><\/strong><\/p>\n<p><strong><em>Las especialistas de la Extensi\u00f3n de Bocas del Toro, en el Centro de Orientaci\u00f3n Infantil y Familiar (COIF) Froebelin, en Changuinola, organizaron una jornada de actividades metodol\u00f3gicas centradas en el abordaje l\u00fadico-did\u00e1ctico para incentivar la evoluci\u00f3n de las habilidades de los ni\u00f1os.<\/em><\/strong><\/p>\n<p><strong><em>En esta ocasi\u00f3n, el Departamento de Estimulaci\u00f3n Temprana y Orientaci\u00f3n Familiar (ETOF) de la Extensi\u00f3n de Bocas del Toro, brind\u00f3 especial atenci\u00f3n a 20 ni\u00f1os y ni\u00f1as del grupo de Maternal en el COIF Froebelin, a trav\u00e9s de un accionar desarrollado en tres \u00e1reas de trabajo para observar y evaluar el desempe\u00f1o de los alumnos.<\/em><\/strong><\/p>\n<p><strong><em>Durante la jornada, se llevaron a cabo diversas actividades que fomentaron la utilizaci\u00f3n del lenguaje, como la lectura y dramatizaci\u00f3n de cuentos infantiles con t\u00edteres. Asimismo, se dispuso un stand con materiales reciclados para trabajar la motricidad fina, y se organiz\u00f3 un circuito de recorrido para estimular la motricidad gruesa y la movilidad de los ni\u00f1os.<\/em><\/strong><\/p>\n<p><strong><em>La Extensi\u00f3n de Bocas del Toro alberga a 444 alumnos en la modalidad de educaci\u00f3n inclusiva, en los niveles de Maternal, Primaria, Premedia y Carreras T\u00e9cnicas Intermedias (CTI), quienes reciben servicios, recursos y apoyos de educaci\u00f3n especial en 14 centros educativos de inclusi\u00f3n en la provincia.<\/em><\/strong><\/p>\n<p>&nbsp;<\/p>\n<p>Fuente: IPHE<\/p>\n","protected":false},"excerpt":{"rendered":"<p>En el COIF Frobel\u00edn de Bocas del Toro, se conmemor\u00f3 <a href=\"https:\/\/sertv.gob.pa\/crisolfm\/coif-frobelin-en-bocas-del-toro-conmemora-el-dia-de-la-estimulacion-temprana\/\"> [&#8230;]<\/a><\/p>\n","protected":false},"author":9,"featured_media":61823,"comment_status":"closed","ping_status":"closed","sticky":false,"template":"","format":"standard","meta":{"footnotes":""},"categories":[14],"tags":[],"class_list":["post-61822","post","type-post","status-publish","format-standard","has-post-thumbnail","hentry","category-salud"],"_links":{"self":[{"href":"https:\/\/sertv.gob.pa\/crisolfm\/wp-json\/wp\/v2\/posts\/61822","targetHints":{"allow":["GET"]}}],"collection":[{"href":"https:\/\/sertv.gob.pa\/crisolfm\/wp-json\/wp\/v2\/posts"}],"about":[{"href":"https:\/\/sertv.gob.pa\/crisolfm\/wp-json\/wp\/v2\/types\/post"}],"author":[{"embeddable":true,"href":"https:\/\/sertv.gob.pa\/crisolfm\/wp-json\/wp\/v2\/users\/9"}],"replies":[{"embeddable":true,"href":"https:\/\/sertv.gob.pa\/crisolfm\/wp-json\/wp\/v2\/comments?post=61822"}],"version-history":[{"count":1,"href":"https:\/\/sertv.gob.pa\/crisolfm\/wp-json\/wp\/v2\/posts\/61822\/revisions"}],"predecessor-version":[{"id":61824,"href":"https:\/\/sertv.gob.pa\/crisolfm\/wp-json\/wp\/v2\/posts\/61822\/revisions\/61824"}],"wp:featuredmedia":[{"embeddable":true,"href":"https:\/\/sertv.gob.pa\/crisolfm\/wp-json\/wp\/v2\/media\/61823"}],"wp:attachment":[{"href":"https:\/\/sertv.gob.pa\/crisolfm\/wp-json\/wp\/v2\/media?parent=61822"}],"wp:term":[{"taxonomy":"category","embeddable":true,"href":"https:\/\/sertv.gob.pa\/crisolfm\/wp-json\/wp\/v2\/categories?post=61822"},{"taxonomy":"post_tag","embeddable":true,"href":"https:\/\/sertv.gob.pa\/crisolfm\/wp-json\/wp\/v2\/tags?post=61822"}],"curies":[{"name":"wp","href":"https:\/\/api.w.org\/{rel}","templated":true}]}}