{"id":61825,"date":"2024-05-24T18:05:30","date_gmt":"2024-05-24T18:05:30","guid":{"rendered":"https:\/\/sertv.gob.pa\/crisolfm\/?p=61825"},"modified":"2024-05-24T18:05:30","modified_gmt":"2024-05-24T18:05:30","slug":"feria-intramuros-en-policlinica-manuel-maria-valdes","status":"publish","type":"post","link":"https:\/\/sertv.gob.pa\/crisolfm\/feria-intramuros-en-policlinica-manuel-maria-valdes\/","title":{"rendered":"Feria intramuros en Policl\u00ednica \u201cManuel Mar\u00eda Vald\u00e9s\u201d"},"content":{"rendered":"<div class=\"fusion-fullwidth fullwidth-box fusion-builder-row-1 fusion-flex-container has-pattern-background has-mask-background nonhundred-percent-fullwidth non-hundred-percent-height-scrolling\" style=\"--awb-border-radius-top-left:0px;--awb-border-radius-top-right:0px;--awb-border-radius-bottom-right:0px;--awb-border-radius-bottom-left:0px;--awb-flex-wrap:wrap;\" ><div class=\"fusion-builder-row fusion-row fusion-flex-align-items-flex-start fusion-flex-content-wrap\" style=\"max-width:1144px;margin-left: calc(-4% \/ 2 );margin-right: calc(-4% \/ 2 );\"><div class=\"fusion-layout-column fusion_builder_column fusion-builder-column-0 fusion_builder_column_1_1 1_1 fusion-flex-column\" style=\"--awb-bg-size:cover;--awb-width-large:100%;--awb-margin-top-large:0px;--awb-spacing-right-large:1.92%;--awb-margin-bottom-large:20px;--awb-spacing-left-large:1.92%;--awb-width-medium:100%;--awb-order-medium:0;--awb-spacing-right-medium:1.92%;--awb-spacing-left-medium:1.92%;--awb-width-small:100%;--awb-order-small:0;--awb-spacing-right-small:1.92%;--awb-spacing-left-small:1.92%;\"><div class=\"fusion-column-wrapper fusion-column-has-shadow fusion-flex-justify-content-flex-start fusion-content-layout-column\"><div class=\"fusion-text fusion-text-1\"><p><strong><em>Una feria de salud dirigida a los asegurados y residentes de las \u00e1reas aleda\u00f1as a la Policl\u00ednica \u201cManuel Mar\u00eda Vald\u00e9s\u201d, organiz\u00f3 el Departamento de Fisioterapia de esta unidad, la cual cont\u00f3 con la participaci\u00f3n del Departamento de Trabajo Social y personal m\u00e9dico.<\/em><\/strong><\/p>\n<p><strong><em>En la misma, se brindaron servicios como: toma de presi\u00f3n, toma de glicemia, consejos odontol\u00f3gicos, vacunaci\u00f3n contra la influenza, neumococo y otras, tambi\u00e9n se repartieron tr\u00edpticos con temas como: la diabetes, VIH, hipertensi\u00f3n, dengue y el cuidado de los dientes.<\/em><\/strong><\/p>\n<p><strong><em>Las c\u00e1psulas de odontolog\u00eda, estuvieron enfocadas en el cuidado y el correcto lavado de dientes para evitar caries, entre otras enfermedades bucales.<\/em><\/strong><\/p>\n<p><strong><em>El Departamento de Trabajo Social, aprovech\u00f3 la feria para realizar una ceremonia en memoria de los fallecidos por VHI, esta actividad cont\u00f3 tambi\u00e9n con la participaci\u00f3n de actores sociales que pertenecen al Grupo Organizado de la Comunidad para la Promoci\u00f3n de la Salud (GOCPS) de esta unidad ejecutora.<\/em><\/strong><\/p>\n<p><strong><em>La ceremonia, se realiz\u00f3 en conjunto con pacientes, personal de m\u00e9dico y administrativos de la policl\u00ednica, quienes luego de escuchar la exposici\u00f3n de la Sra. Yamina Samudio de la Asociaci\u00f3n Paname\u00f1a para la Planificaci\u00f3n de la Familia, (asociada al GOCPS), quien explic\u00f3 el objetivo de esta actividad, con una vela en la mano, elevaron una plegaria en memoria de todas la v\u00edctimas de la pandemia del VHI.<\/em><\/strong><\/p>\n<p><strong><em>Manifest\u00f3 que, esta vigilia que se realiza en el \u00e1mbito mundial cada 19 mayo, tiene el objetivo es involucrar a las comunidades en las actividades relacionadas con la lucha contra la discriminaci\u00f3n por VIH\/SIDA.<\/em><\/strong><\/p>\n<p>Fuente: CSS<\/p>\n<\/div><div class=\"awb-gallery-wrapper awb-gallery-wrapper-1 button-span-no\" style=\"--more-btn-alignment:center;\"><div style=\"margin:-5px;--awb-bordersize:0px;\" class=\"fusion-gallery fusion-gallery-container fusion-grid-3 fusion-columns-total-4 fusion-gallery-layout-grid fusion-gallery-1\"><div style=\"padding:5px;\" class=\"fusion-grid-column fusion-gallery-column fusion-gallery-column-3 hover-type-none\"><div class=\"fusion-gallery-image\"><a href=\"https:\/\/sertv.gob.pa\/crisolfm\/wp-content\/uploads\/sites\/2\/2024\/05\/FERIA-INTRA-MUROS-3.jpg\" rel=\"noreferrer\" data-rel=\"iLightbox[gallery_image_1]\" class=\"fusion-lightbox\" target=\"_self\"><img decoding=\"async\" src=\"https:\/\/sertv.gob.pa\/crisolfm\/wp-content\/uploads\/sites\/2\/2024\/05\/FERIA-INTRA-MUROS-3.jpg\" width=\"600\" height=\"269\" alt=\"\" title=\"CREATOR: gd-jpeg v1.0 (using IJG JPEG v62), quality = 82\" aria-label=\"CREATOR: gd-jpeg v1.0 (using IJG JPEG v62), quality = 82\" class=\"img-responsive wp-image-61827\" srcset=\"https:\/\/sertv.gob.pa\/crisolfm\/wp-content\/uploads\/sites\/2\/2024\/05\/FERIA-INTRA-MUROS-3-200x90.jpg 200w, https:\/\/sertv.gob.pa\/crisolfm\/wp-content\/uploads\/sites\/2\/2024\/05\/FERIA-INTRA-MUROS-3-400x179.jpg 400w, https:\/\/sertv.gob.pa\/crisolfm\/wp-content\/uploads\/sites\/2\/2024\/05\/FERIA-INTRA-MUROS-3.jpg 600w\" sizes=\"(min-width: 2200px) 100vw, (min-width: 784px) 363px, (min-width: 712px) 545px, (min-width: 640px) 712px, \" \/><\/a><\/div><\/div><div style=\"padding:5px;\" class=\"fusion-grid-column fusion-gallery-column fusion-gallery-column-3 hover-type-none\"><div class=\"fusion-gallery-image\"><a href=\"https:\/\/sertv.gob.pa\/crisolfm\/wp-content\/uploads\/sites\/2\/2024\/05\/FERIA-INTRAMUROS-4.jpg\" rel=\"noreferrer\" data-rel=\"iLightbox[gallery_image_1]\" class=\"fusion-lightbox\" target=\"_self\"><img decoding=\"async\" src=\"https:\/\/sertv.gob.pa\/crisolfm\/wp-content\/uploads\/sites\/2\/2024\/05\/FERIA-INTRAMUROS-4.jpg\" width=\"600\" height=\"400\" alt=\"\" title=\"CREATOR: gd-jpeg v1.0 (using IJG JPEG v62), quality = 82\" aria-label=\"CREATOR: gd-jpeg v1.0 (using IJG JPEG v62), quality = 82\" class=\"img-responsive wp-image-61828\" srcset=\"https:\/\/sertv.gob.pa\/crisolfm\/wp-content\/uploads\/sites\/2\/2024\/05\/FERIA-INTRAMUROS-4-200x133.jpg 200w, https:\/\/sertv.gob.pa\/crisolfm\/wp-content\/uploads\/sites\/2\/2024\/05\/FERIA-INTRAMUROS-4-400x267.jpg 400w, https:\/\/sertv.gob.pa\/crisolfm\/wp-content\/uploads\/sites\/2\/2024\/05\/FERIA-INTRAMUROS-4.jpg 600w\" sizes=\"(min-width: 2200px) 100vw, (min-width: 784px) 363px, (min-width: 712px) 545px, (min-width: 640px) 712px, \" \/><\/a><\/div><\/div><div style=\"padding:5px;\" class=\"fusion-grid-column fusion-gallery-column fusion-gallery-column-3 hover-type-none\"><div class=\"fusion-gallery-image\"><a href=\"https:\/\/sertv.gob.pa\/crisolfm\/wp-content\/uploads\/sites\/2\/2024\/05\/FERIA-INTRAMUROS-5.jpg\" rel=\"noreferrer\" data-rel=\"iLightbox[gallery_image_1]\" class=\"fusion-lightbox\" target=\"_self\"><img decoding=\"async\" src=\"https:\/\/sertv.gob.pa\/crisolfm\/wp-content\/uploads\/sites\/2\/2024\/05\/FERIA-INTRAMUROS-5.jpg\" width=\"600\" height=\"400\" alt=\"\" title=\"CREATOR: gd-jpeg v1.0 (using IJG JPEG v62), quality = 82\" aria-label=\"CREATOR: gd-jpeg v1.0 (using IJG JPEG v62), quality = 82\" class=\"img-responsive wp-image-61829\" srcset=\"https:\/\/sertv.gob.pa\/crisolfm\/wp-content\/uploads\/sites\/2\/2024\/05\/FERIA-INTRAMUROS-5-200x133.jpg 200w, https:\/\/sertv.gob.pa\/crisolfm\/wp-content\/uploads\/sites\/2\/2024\/05\/FERIA-INTRAMUROS-5-400x267.jpg 400w, https:\/\/sertv.gob.pa\/crisolfm\/wp-content\/uploads\/sites\/2\/2024\/05\/FERIA-INTRAMUROS-5.jpg 600w\" sizes=\"(min-width: 2200px) 100vw, (min-width: 784px) 363px, (min-width: 712px) 545px, (min-width: 640px) 712px, \" \/><\/a><\/div><\/div><div class=\"clearfix\"><\/div><div style=\"padding:5px;\" class=\"fusion-grid-column fusion-gallery-column fusion-gallery-column-3 hover-type-none\"><div class=\"fusion-gallery-image\"><a href=\"https:\/\/sertv.gob.pa\/crisolfm\/wp-content\/uploads\/sites\/2\/2024\/05\/FERIA-INTRAMUROS-6.jpg\" rel=\"noreferrer\" data-rel=\"iLightbox[gallery_image_1]\" class=\"fusion-lightbox\" target=\"_self\"><img decoding=\"async\" src=\"https:\/\/sertv.gob.pa\/crisolfm\/wp-content\/uploads\/sites\/2\/2024\/05\/FERIA-INTRAMUROS-6.jpg\" width=\"600\" height=\"400\" alt=\"\" title=\"CREATOR: gd-jpeg v1.0 (using IJG JPEG v62), quality = 82\" aria-label=\"CREATOR: gd-jpeg v1.0 (using IJG JPEG v62), quality = 82\" class=\"img-responsive wp-image-61830\" srcset=\"https:\/\/sertv.gob.pa\/crisolfm\/wp-content\/uploads\/sites\/2\/2024\/05\/FERIA-INTRAMUROS-6-200x133.jpg 200w, https:\/\/sertv.gob.pa\/crisolfm\/wp-content\/uploads\/sites\/2\/2024\/05\/FERIA-INTRAMUROS-6-400x267.jpg 400w, https:\/\/sertv.gob.pa\/crisolfm\/wp-content\/uploads\/sites\/2\/2024\/05\/FERIA-INTRAMUROS-6.jpg 600w\" sizes=\"(min-width: 2200px) 100vw, (min-width: 784px) 363px, (min-width: 712px) 545px, (min-width: 640px) 712px, \" \/><\/a><\/div><\/div><\/div><\/div><\/div><\/div><\/div><\/div>\n","protected":false},"excerpt":{"rendered":"","protected":false},"author":9,"featured_media":61826,"comment_status":"closed","ping_status":"closed","sticky":false,"template":"","format":"standard","meta":{"footnotes":""},"categories":[14],"tags":[],"class_list":["post-61825","post","type-post","status-publish","format-standard","has-post-thumbnail","hentry","category-salud"],"_links":{"self":[{"href":"https:\/\/sertv.gob.pa\/crisolfm\/wp-json\/wp\/v2\/posts\/61825","targetHints":{"allow":["GET"]}}],"collection":[{"href":"https:\/\/sertv.gob.pa\/crisolfm\/wp-json\/wp\/v2\/posts"}],"about":[{"href":"https:\/\/sertv.gob.pa\/crisolfm\/wp-json\/wp\/v2\/types\/post"}],"author":[{"embeddable":true,"href":"https:\/\/sertv.gob.pa\/crisolfm\/wp-json\/wp\/v2\/users\/9"}],"replies":[{"embeddable":true,"href":"https:\/\/sertv.gob.pa\/crisolfm\/wp-json\/wp\/v2\/comments?post=61825"}],"version-history":[{"count":1,"href":"https:\/\/sertv.gob.pa\/crisolfm\/wp-json\/wp\/v2\/posts\/61825\/revisions"}],"predecessor-version":[{"id":61831,"href":"https:\/\/sertv.gob.pa\/crisolfm\/wp-json\/wp\/v2\/posts\/61825\/revisions\/61831"}],"wp:featuredmedia":[{"embeddable":true,"href":"https:\/\/sertv.gob.pa\/crisolfm\/wp-json\/wp\/v2\/media\/61826"}],"wp:attachment":[{"href":"https:\/\/sertv.gob.pa\/crisolfm\/wp-json\/wp\/v2\/media?parent=61825"}],"wp:term":[{"taxonomy":"category","embeddable":true,"href":"https:\/\/sertv.gob.pa\/crisolfm\/wp-json\/wp\/v2\/categories?post=61825"},{"taxonomy":"post_tag","embeddable":true,"href":"https:\/\/sertv.gob.pa\/crisolfm\/wp-json\/wp\/v2\/tags?post=61825"}],"curies":[{"name":"wp","href":"https:\/\/api.w.org\/{rel}","templated":true}]}}