{"id":61848,"date":"2024-05-27T15:12:02","date_gmt":"2024-05-27T15:12:02","guid":{"rendered":"https:\/\/sertv.gob.pa\/crisolfm\/?p=61848"},"modified":"2024-05-27T15:12:02","modified_gmt":"2024-05-27T15:12:02","slug":"seminario-de-educacion-para-la-salud-enfocado-en-el-manejo-del-estres-para-personas-con-diabetes","status":"publish","type":"post","link":"https:\/\/sertv.gob.pa\/crisolfm\/seminario-de-educacion-para-la-salud-enfocado-en-el-manejo-del-estres-para-personas-con-diabetes\/","title":{"rendered":"Seminario de educaci\u00f3n para la Salud enfocado en el manejo del estr\u00e9s para personas con diabetes"},"content":{"rendered":"<p><strong><em>La Regional de Col\u00f3n, llev\u00f3 a cabo recientemente, un seminario de educaci\u00f3n para la salud, centrado en el manejo del estr\u00e9s, dirigida al grupo provincial de personas con Diabetes.\u00a0<\/em><\/strong><\/p>\n<p><strong><em>El evento,\u00a0 incluy\u00f3 varias actividades preventivas, entre ellas, la evaluaci\u00f3n nutricional, vacunaci\u00f3n contra la influenza, toma de presi\u00f3n arterial y consejer\u00eda m\u00e9dica.<\/em><\/strong><\/p>\n<p><strong><em>Durante el seminario, Markelis Camargo, especialista en Nutrici\u00f3n, ofreci\u00f3 su perspectiva sobre la importancia de la alimentaci\u00f3n en el manejo de la diabetes. \u00abRecomendamos a los pacientes, consumir alimentos ricos en fibras, como: frutas, verduras y granos enteros, y evitar los az\u00facares refinados y las grasas saturadas. Es crucial que las personas con diabetes, aprendan a planificar sus comidas para mantener niveles de glucosa estables y prevenir complicaciones a largo plazo,\u00bb explic\u00f3 Camargo.<\/em><\/strong><\/p>\n<p><strong><em>El seminario, tambi\u00e9n incluy\u00f3 talleres pr\u00e1cticos sobre c\u00f3mo leer etiquetas nutricionales y preparar comidas saludables, lo que brinda a los participantes, herramientas concretas para aplicar en su vida diaria, adem\u00e1s recibieron gu\u00edas detalladas sobre c\u00f3mo manejar situaciones de estr\u00e9s y sesiones de consejer\u00eda m\u00e9dica para resolver sus dudas y mejorar su dieta.<\/em><\/strong><\/p>\n<p><strong><em>Los asistentes, expresaron su satisfacci\u00f3n con las diversas actividades y talleres ofrecidos, resaltando la importancia de estos encuentros para la gesti\u00f3n efectiva de la diabetes y la promoci\u00f3n de h\u00e1bitos de vida saludables.\u00a0<\/em><\/strong><\/p>\n<p><strong><em>Rita de Arenas, Presidenta del Grupo de Diab\u00e9ticos, destac\u00f3 la importancia de este seminario, subrayando su valor educativo. \u00abEsta actividad, es muy beneficiosa porque no solo te ense\u00f1a c\u00f3mo debes sobrevivir con la enfermedad, sino tambi\u00e9n\u00a0 a brindar\u00a0 recomendaciones a personas que tienen familiares con diabetes,\u00bb afirm\u00f3 Arenas.<\/em><\/strong><\/p>\n<p><strong><em>El \u00e9xito del seminario, refuerza el compromiso del Grupo Provincial de Personas con Diabetes de seguir ofreciendo educaci\u00f3n y apoyo continuo a sus miembros.<\/em><\/strong><\/p>\n<p><strong><em>\u00a0<\/em><\/strong><\/p>\n<p>Fuente: MINSA<\/p>\n","protected":false},"excerpt":{"rendered":"<p>La Regional de Col\u00f3n, llev\u00f3 a cabo recientemente, un seminario <a href=\"https:\/\/sertv.gob.pa\/crisolfm\/seminario-de-educacion-para-la-salud-enfocado-en-el-manejo-del-estres-para-personas-con-diabetes\/\"> [&#8230;]<\/a><\/p>\n","protected":false},"author":9,"featured_media":61849,"comment_status":"closed","ping_status":"closed","sticky":false,"template":"","format":"standard","meta":{"footnotes":""},"categories":[14],"tags":[],"class_list":["post-61848","post","type-post","status-publish","format-standard","has-post-thumbnail","hentry","category-salud"],"_links":{"self":[{"href":"https:\/\/sertv.gob.pa\/crisolfm\/wp-json\/wp\/v2\/posts\/61848","targetHints":{"allow":["GET"]}}],"collection":[{"href":"https:\/\/sertv.gob.pa\/crisolfm\/wp-json\/wp\/v2\/posts"}],"about":[{"href":"https:\/\/sertv.gob.pa\/crisolfm\/wp-json\/wp\/v2\/types\/post"}],"author":[{"embeddable":true,"href":"https:\/\/sertv.gob.pa\/crisolfm\/wp-json\/wp\/v2\/users\/9"}],"replies":[{"embeddable":true,"href":"https:\/\/sertv.gob.pa\/crisolfm\/wp-json\/wp\/v2\/comments?post=61848"}],"version-history":[{"count":1,"href":"https:\/\/sertv.gob.pa\/crisolfm\/wp-json\/wp\/v2\/posts\/61848\/revisions"}],"predecessor-version":[{"id":61850,"href":"https:\/\/sertv.gob.pa\/crisolfm\/wp-json\/wp\/v2\/posts\/61848\/revisions\/61850"}],"wp:featuredmedia":[{"embeddable":true,"href":"https:\/\/sertv.gob.pa\/crisolfm\/wp-json\/wp\/v2\/media\/61849"}],"wp:attachment":[{"href":"https:\/\/sertv.gob.pa\/crisolfm\/wp-json\/wp\/v2\/media?parent=61848"}],"wp:term":[{"taxonomy":"category","embeddable":true,"href":"https:\/\/sertv.gob.pa\/crisolfm\/wp-json\/wp\/v2\/categories?post=61848"},{"taxonomy":"post_tag","embeddable":true,"href":"https:\/\/sertv.gob.pa\/crisolfm\/wp-json\/wp\/v2\/tags?post=61848"}],"curies":[{"name":"wp","href":"https:\/\/api.w.org\/{rel}","templated":true}]}}