{"id":6188,"date":"2016-09-15T15:49:38","date_gmt":"2016-09-15T15:49:38","guid":{"rendered":""},"modified":"2016-09-15T15:49:38","modified_gmt":"2016-09-15T15:49:38","slug":"ciudad-de-panama-es-afectada-por-fuerte-tormenta","status":"publish","type":"post","link":"https:\/\/sertv.gob.pa\/crisolfm\/ciudad-de-panama-es-afectada-por-fuerte-tormenta\/","title":{"rendered":"Ciudad de Panam\u00e1 es afectada por fuerte tormenta"},"content":{"rendered":"<p>\nFuertes lluvias se registrar\u00e1n sobre la ciudad capital hasta el mediod\u00eda de este 15 de septiembre de acuerdo a un reporte de Etesa. <\/p>\n<p>La tormenta igualmente afectar\u00e1 las \u00e1reas de Panam\u00e1 Centro, Panam\u00e1 Oeste, Dari\u00e9n, Guna Yala, Col\u00f3n, Herrera, Los Santos, Veraguas y la Comarca Ng\u00e4be Bugl\u00e9. <\/p>\n<p>Al momento, el Sinaproc registra ca\u00edda de \u00e1rboles en Ciudad Radial, as\u00ed como crecida en el r\u00edo Santa Mar\u00eda de Veraguas. <\/p>\n<p>La Autoridad de Aeron\u00e1utica Civil de Panam\u00e1 precis\u00f3 que los vuelos en el aeropuerto Marcos A. Gelabert de Albrook fueron\u00a0suspendidos desde las 9:00 a.m hasta las 10:00 a.m. <\/p>\n<p>\u00a0 <\/p>\n","protected":false},"excerpt":{"rendered":"<p>Fuertes lluvias se registrar\u00e1n sobre la ciudad capital hasta el <a href=\"https:\/\/sertv.gob.pa\/crisolfm\/ciudad-de-panama-es-afectada-por-fuerte-tormenta\/\"> [&#8230;]<\/a><\/p>\n","protected":false},"author":1,"featured_media":6189,"comment_status":"closed","ping_status":"closed","sticky":false,"template":"","format":"standard","meta":{"footnotes":""},"categories":[7],"tags":[],"class_list":["post-6188","post","type-post","status-publish","format-standard","has-post-thumbnail","hentry","category-ecologicas"],"_links":{"self":[{"href":"https:\/\/sertv.gob.pa\/crisolfm\/wp-json\/wp\/v2\/posts\/6188","targetHints":{"allow":["GET"]}}],"collection":[{"href":"https:\/\/sertv.gob.pa\/crisolfm\/wp-json\/wp\/v2\/posts"}],"about":[{"href":"https:\/\/sertv.gob.pa\/crisolfm\/wp-json\/wp\/v2\/types\/post"}],"author":[{"embeddable":true,"href":"https:\/\/sertv.gob.pa\/crisolfm\/wp-json\/wp\/v2\/users\/1"}],"replies":[{"embeddable":true,"href":"https:\/\/sertv.gob.pa\/crisolfm\/wp-json\/wp\/v2\/comments?post=6188"}],"version-history":[{"count":0,"href":"https:\/\/sertv.gob.pa\/crisolfm\/wp-json\/wp\/v2\/posts\/6188\/revisions"}],"wp:featuredmedia":[{"embeddable":true,"href":"https:\/\/sertv.gob.pa\/crisolfm\/wp-json\/wp\/v2\/media\/6189"}],"wp:attachment":[{"href":"https:\/\/sertv.gob.pa\/crisolfm\/wp-json\/wp\/v2\/media?parent=6188"}],"wp:term":[{"taxonomy":"category","embeddable":true,"href":"https:\/\/sertv.gob.pa\/crisolfm\/wp-json\/wp\/v2\/categories?post=6188"},{"taxonomy":"post_tag","embeddable":true,"href":"https:\/\/sertv.gob.pa\/crisolfm\/wp-json\/wp\/v2\/tags?post=6188"}],"curies":[{"name":"wp","href":"https:\/\/api.w.org\/{rel}","templated":true}]}}