{"id":61885,"date":"2024-05-28T16:01:59","date_gmt":"2024-05-28T16:01:59","guid":{"rendered":"https:\/\/sertv.gob.pa\/crisolfm\/?p=61885"},"modified":"2024-05-28T16:01:59","modified_gmt":"2024-05-28T16:01:59","slug":"ulaps-de-capira-realiza-feria-de-salud-en-el-corregimiento-de-campana","status":"publish","type":"post","link":"https:\/\/sertv.gob.pa\/crisolfm\/ulaps-de-capira-realiza-feria-de-salud-en-el-corregimiento-de-campana\/","title":{"rendered":"ULAPS de Capira, realiza feria de salud en el corregimiento de Campana"},"content":{"rendered":"<div class=\"fusion-fullwidth fullwidth-box fusion-builder-row-1 fusion-flex-container has-pattern-background has-mask-background nonhundred-percent-fullwidth non-hundred-percent-height-scrolling\" style=\"--awb-border-radius-top-left:0px;--awb-border-radius-top-right:0px;--awb-border-radius-bottom-right:0px;--awb-border-radius-bottom-left:0px;--awb-flex-wrap:wrap;\" ><div class=\"fusion-builder-row fusion-row fusion-flex-align-items-flex-start fusion-flex-content-wrap\" style=\"max-width:1144px;margin-left: calc(-4% \/ 2 );margin-right: calc(-4% \/ 2 );\"><div class=\"fusion-layout-column fusion_builder_column fusion-builder-column-0 fusion_builder_column_1_1 1_1 fusion-flex-column\" style=\"--awb-bg-size:cover;--awb-width-large:100%;--awb-margin-top-large:0px;--awb-spacing-right-large:1.92%;--awb-margin-bottom-large:20px;--awb-spacing-left-large:1.92%;--awb-width-medium:100%;--awb-order-medium:0;--awb-spacing-right-medium:1.92%;--awb-spacing-left-medium:1.92%;--awb-width-small:100%;--awb-order-small:0;--awb-spacing-right-small:1.92%;--awb-spacing-left-small:1.92%;\"><div class=\"fusion-column-wrapper fusion-column-has-shadow fusion-flex-justify-content-flex-start fusion-content-layout-column\"><div class=\"fusion-text fusion-text-1\"><p><strong><em>Personal de salud y administrativo de la Unidad Local de Atenci\u00f3n Primaria en Salud (ULAPS), Sra. Lastenia Canto Sol\u00eds, ubicada en el distrito de Capira acudi\u00f3 a la cancha deportiva de la comunidad de Campana, para participar de una feria de salud en beneficio de los asegurados y no asegurados en la zona.<\/em><\/strong><\/p>\n<p><strong><em>La Dra. Liddy Amor, encargada del Programa de Atenci\u00f3n Primaria de la instalaci\u00f3n, indic\u00f3 que, con estas jornadas los pacientes reciben, no solo atenci\u00f3n m\u00e9dica general, medicamentos y \u00f3rdenes de ex\u00e1menes de laboratorios; sino que los odont\u00f3logos extraen piezas dentales que no pueden ser recuperadas, actualizan sus vacunas y, en algunos casos, son atendidos por psic\u00f3logos.<\/em><\/strong><\/p>\n<p><strong><em>Tambi\u00e9n se cont\u00f3 con la participaci\u00f3n de miembros del grupo de Club de Leones de Campana, quienes brindaron su aporte con la distribuci\u00f3n de folletos con informaci\u00f3n y consejos sobre c\u00f3mo prevenir enfermedades.<\/em><\/strong><\/p>\n<p><strong><em>Datos del servicio de REGES, un 5% de pacientes estaban asegurados y el otro 95% de los pacientes no pose\u00edan cobertura m\u00e9dica.<\/em><\/strong><\/p>\n<p><strong><em>\u00a0<\/em><\/strong><\/p>\n<p>Fuente: CSS<\/p>\n<\/div><div class=\"awb-gallery-wrapper awb-gallery-wrapper-1 button-span-no\" style=\"--more-btn-alignment:center;\"><div style=\"margin:-5px;--awb-bordersize:0px;\" class=\"fusion-gallery fusion-gallery-container fusion-grid-3 fusion-columns-total-3 fusion-gallery-layout-grid fusion-gallery-1\"><div style=\"padding:5px;\" class=\"fusion-grid-column fusion-gallery-column fusion-gallery-column-3 hover-type-none\"><div class=\"fusion-gallery-image\"><a href=\"https:\/\/sertv.gob.pa\/crisolfm\/wp-content\/uploads\/sites\/2\/2024\/05\/CAPIRA-FERIA-DE-SALUD-3.jpg\" rel=\"noreferrer\" data-rel=\"iLightbox[gallery_image_1]\" class=\"fusion-lightbox\" target=\"_self\"><img decoding=\"async\" src=\"https:\/\/sertv.gob.pa\/crisolfm\/wp-content\/uploads\/sites\/2\/2024\/05\/CAPIRA-FERIA-DE-SALUD-3.jpg\" width=\"768\" height=\"354\" alt=\"\" title=\"CAPIRA FERIA DE SALUD 3\" aria-label=\"CAPIRA FERIA DE SALUD 3\" class=\"img-responsive wp-image-61887\" srcset=\"https:\/\/sertv.gob.pa\/crisolfm\/wp-content\/uploads\/sites\/2\/2024\/05\/CAPIRA-FERIA-DE-SALUD-3-200x92.jpg 200w, https:\/\/sertv.gob.pa\/crisolfm\/wp-content\/uploads\/sites\/2\/2024\/05\/CAPIRA-FERIA-DE-SALUD-3-400x184.jpg 400w, https:\/\/sertv.gob.pa\/crisolfm\/wp-content\/uploads\/sites\/2\/2024\/05\/CAPIRA-FERIA-DE-SALUD-3-600x277.jpg 600w, https:\/\/sertv.gob.pa\/crisolfm\/wp-content\/uploads\/sites\/2\/2024\/05\/CAPIRA-FERIA-DE-SALUD-3.jpg 768w\" sizes=\"(min-width: 2200px) 100vw, (min-width: 784px) 363px, (min-width: 712px) 545px, (min-width: 640px) 712px, \" \/><\/a><\/div><\/div><div style=\"padding:5px;\" class=\"fusion-grid-column fusion-gallery-column fusion-gallery-column-3 hover-type-none\"><div class=\"fusion-gallery-image\"><a href=\"https:\/\/sertv.gob.pa\/crisolfm\/wp-content\/uploads\/sites\/2\/2024\/05\/CAPIRA-FERIA-DE-SALUD-4.jpg\" rel=\"noreferrer\" data-rel=\"iLightbox[gallery_image_1]\" class=\"fusion-lightbox\" target=\"_self\"><img decoding=\"async\" src=\"https:\/\/sertv.gob.pa\/crisolfm\/wp-content\/uploads\/sites\/2\/2024\/05\/CAPIRA-FERIA-DE-SALUD-4.jpg\" width=\"768\" height=\"354\" alt=\"\" title=\"CAPIRA FERIA DE SALUD 4\" aria-label=\"CAPIRA FERIA DE SALUD 4\" class=\"img-responsive wp-image-61888\" srcset=\"https:\/\/sertv.gob.pa\/crisolfm\/wp-content\/uploads\/sites\/2\/2024\/05\/CAPIRA-FERIA-DE-SALUD-4-200x92.jpg 200w, https:\/\/sertv.gob.pa\/crisolfm\/wp-content\/uploads\/sites\/2\/2024\/05\/CAPIRA-FERIA-DE-SALUD-4-400x184.jpg 400w, https:\/\/sertv.gob.pa\/crisolfm\/wp-content\/uploads\/sites\/2\/2024\/05\/CAPIRA-FERIA-DE-SALUD-4-600x277.jpg 600w, https:\/\/sertv.gob.pa\/crisolfm\/wp-content\/uploads\/sites\/2\/2024\/05\/CAPIRA-FERIA-DE-SALUD-4.jpg 768w\" sizes=\"(min-width: 2200px) 100vw, (min-width: 784px) 363px, (min-width: 712px) 545px, (min-width: 640px) 712px, \" \/><\/a><\/div><\/div><div style=\"padding:5px;\" class=\"fusion-grid-column fusion-gallery-column fusion-gallery-column-3 hover-type-none\"><div class=\"fusion-gallery-image\"><a href=\"https:\/\/sertv.gob.pa\/crisolfm\/wp-content\/uploads\/sites\/2\/2024\/05\/CAPIRA-FERIA-SALUD-2.jpg\" rel=\"noreferrer\" data-rel=\"iLightbox[gallery_image_1]\" class=\"fusion-lightbox\" target=\"_self\"><img decoding=\"async\" src=\"https:\/\/sertv.gob.pa\/crisolfm\/wp-content\/uploads\/sites\/2\/2024\/05\/CAPIRA-FERIA-SALUD-2.jpg\" width=\"768\" height=\"354\" alt=\"\" title=\"CAPIRA FERIA SALUD 2\" aria-label=\"CAPIRA FERIA SALUD 2\" class=\"img-responsive wp-image-61890\" srcset=\"https:\/\/sertv.gob.pa\/crisolfm\/wp-content\/uploads\/sites\/2\/2024\/05\/CAPIRA-FERIA-SALUD-2-200x92.jpg 200w, https:\/\/sertv.gob.pa\/crisolfm\/wp-content\/uploads\/sites\/2\/2024\/05\/CAPIRA-FERIA-SALUD-2-400x184.jpg 400w, https:\/\/sertv.gob.pa\/crisolfm\/wp-content\/uploads\/sites\/2\/2024\/05\/CAPIRA-FERIA-SALUD-2-600x277.jpg 600w, https:\/\/sertv.gob.pa\/crisolfm\/wp-content\/uploads\/sites\/2\/2024\/05\/CAPIRA-FERIA-SALUD-2.jpg 768w\" sizes=\"(min-width: 2200px) 100vw, (min-width: 784px) 363px, (min-width: 712px) 545px, (min-width: 640px) 712px, \" \/><\/a><\/div><\/div><div class=\"clearfix\"><\/div><\/div><\/div><\/div><\/div><\/div><\/div>\n","protected":false},"excerpt":{"rendered":"","protected":false},"author":9,"featured_media":61886,"comment_status":"closed","ping_status":"closed","sticky":false,"template":"","format":"standard","meta":{"footnotes":""},"categories":[14],"tags":[],"class_list":["post-61885","post","type-post","status-publish","format-standard","has-post-thumbnail","hentry","category-salud"],"_links":{"self":[{"href":"https:\/\/sertv.gob.pa\/crisolfm\/wp-json\/wp\/v2\/posts\/61885","targetHints":{"allow":["GET"]}}],"collection":[{"href":"https:\/\/sertv.gob.pa\/crisolfm\/wp-json\/wp\/v2\/posts"}],"about":[{"href":"https:\/\/sertv.gob.pa\/crisolfm\/wp-json\/wp\/v2\/types\/post"}],"author":[{"embeddable":true,"href":"https:\/\/sertv.gob.pa\/crisolfm\/wp-json\/wp\/v2\/users\/9"}],"replies":[{"embeddable":true,"href":"https:\/\/sertv.gob.pa\/crisolfm\/wp-json\/wp\/v2\/comments?post=61885"}],"version-history":[{"count":1,"href":"https:\/\/sertv.gob.pa\/crisolfm\/wp-json\/wp\/v2\/posts\/61885\/revisions"}],"predecessor-version":[{"id":61891,"href":"https:\/\/sertv.gob.pa\/crisolfm\/wp-json\/wp\/v2\/posts\/61885\/revisions\/61891"}],"wp:featuredmedia":[{"embeddable":true,"href":"https:\/\/sertv.gob.pa\/crisolfm\/wp-json\/wp\/v2\/media\/61886"}],"wp:attachment":[{"href":"https:\/\/sertv.gob.pa\/crisolfm\/wp-json\/wp\/v2\/media?parent=61885"}],"wp:term":[{"taxonomy":"category","embeddable":true,"href":"https:\/\/sertv.gob.pa\/crisolfm\/wp-json\/wp\/v2\/categories?post=61885"},{"taxonomy":"post_tag","embeddable":true,"href":"https:\/\/sertv.gob.pa\/crisolfm\/wp-json\/wp\/v2\/tags?post=61885"}],"curies":[{"name":"wp","href":"https:\/\/api.w.org\/{rel}","templated":true}]}}