{"id":61895,"date":"2024-05-28T17:28:48","date_gmt":"2024-05-28T17:28:48","guid":{"rendered":"https:\/\/sertv.gob.pa\/crisolfm\/?p=61895"},"modified":"2024-05-28T17:28:48","modified_gmt":"2024-05-28T17:28:48","slug":"minsa-chiriqui-reitera-asistencia-a-problemas-de-salud-mental","status":"publish","type":"post","link":"https:\/\/sertv.gob.pa\/crisolfm\/minsa-chiriqui-reitera-asistencia-a-problemas-de-salud-mental\/","title":{"rendered":"MINSA Chiriqu\u00ed reitera asistencia a problemas de salud mental"},"content":{"rendered":"<p><strong><em>El Ministerio de Salud, regi\u00f3n de Chiriqu\u00ed, reitera que ofrece asistencia cl\u00ednica a las personas que confronten dificultad para superar cuadros de ansiedad y\/o depresi\u00f3n, que puedan tener desenlaces extremos como el suicidio.<\/em><\/strong><\/p>\n<p><strong><em>La coordinadora regional de enfermer\u00eda del programa de Salud Mental del MINSA, Karen Mendoza, indic\u00f3 que, en las cabeceras de la mayor\u00eda de distritos, laboran especialistas, que en coordinaci\u00f3n con m\u00e9dicos de la red primaria, brindan atenci\u00f3n integral a los pacientes que padezcan alg\u00fan trastorno.<\/em><\/strong><\/p>\n<p><strong><em>Mendoza, indic\u00f3 que, actualmente se contabilizan cerca de una decena de casos y el a\u00f1o pasado en Chiriqu\u00ed, 30 personas se quitaron la vida, la mayor\u00eda hombres con edades entre los 25 y 49 a\u00f1os.<\/em><\/strong><\/p>\n<p><strong><em>\u201cPara sus familias y para la sociedad general, es lamentable que una persona se quite la vida, principalmente si es joven y tiene hijos\u201d, declar\u00f3 la funcionaria, quien advirti\u00f3, que los tratamientos cl\u00ednicos alivian el estado de \u00e1nimo de los pacientes, pero no resuelven sus problemas.<\/em><\/strong><\/p>\n<p><strong><em>La preocupaci\u00f3n de las autoridades de salud es frecuente y se acrecienta tras hechos reportados semanas anteriores, por lo cual, es crucial buscar ayuda prontamente para manejar la situaci\u00f3n y evitar desenlace fatal.<\/em><\/strong><\/p>\n<p><strong><em>\u00a0<\/em><\/strong><\/p>\n<p>Fuente: MINSA<\/p>\n","protected":false},"excerpt":{"rendered":"<p>El Ministerio de Salud, regi\u00f3n de Chiriqu\u00ed, reitera que ofrece <a href=\"https:\/\/sertv.gob.pa\/crisolfm\/minsa-chiriqui-reitera-asistencia-a-problemas-de-salud-mental\/\"> [&#8230;]<\/a><\/p>\n","protected":false},"author":9,"featured_media":61896,"comment_status":"closed","ping_status":"closed","sticky":false,"template":"","format":"standard","meta":{"footnotes":""},"categories":[14],"tags":[],"class_list":["post-61895","post","type-post","status-publish","format-standard","has-post-thumbnail","hentry","category-salud"],"_links":{"self":[{"href":"https:\/\/sertv.gob.pa\/crisolfm\/wp-json\/wp\/v2\/posts\/61895","targetHints":{"allow":["GET"]}}],"collection":[{"href":"https:\/\/sertv.gob.pa\/crisolfm\/wp-json\/wp\/v2\/posts"}],"about":[{"href":"https:\/\/sertv.gob.pa\/crisolfm\/wp-json\/wp\/v2\/types\/post"}],"author":[{"embeddable":true,"href":"https:\/\/sertv.gob.pa\/crisolfm\/wp-json\/wp\/v2\/users\/9"}],"replies":[{"embeddable":true,"href":"https:\/\/sertv.gob.pa\/crisolfm\/wp-json\/wp\/v2\/comments?post=61895"}],"version-history":[{"count":1,"href":"https:\/\/sertv.gob.pa\/crisolfm\/wp-json\/wp\/v2\/posts\/61895\/revisions"}],"predecessor-version":[{"id":61897,"href":"https:\/\/sertv.gob.pa\/crisolfm\/wp-json\/wp\/v2\/posts\/61895\/revisions\/61897"}],"wp:featuredmedia":[{"embeddable":true,"href":"https:\/\/sertv.gob.pa\/crisolfm\/wp-json\/wp\/v2\/media\/61896"}],"wp:attachment":[{"href":"https:\/\/sertv.gob.pa\/crisolfm\/wp-json\/wp\/v2\/media?parent=61895"}],"wp:term":[{"taxonomy":"category","embeddable":true,"href":"https:\/\/sertv.gob.pa\/crisolfm\/wp-json\/wp\/v2\/categories?post=61895"},{"taxonomy":"post_tag","embeddable":true,"href":"https:\/\/sertv.gob.pa\/crisolfm\/wp-json\/wp\/v2\/tags?post=61895"}],"curies":[{"name":"wp","href":"https:\/\/api.w.org\/{rel}","templated":true}]}}