{"id":6192,"date":"2016-09-16T15:42:47","date_gmt":"2016-09-16T15:42:47","guid":{"rendered":""},"modified":"2016-09-16T15:42:47","modified_gmt":"2016-09-16T15:42:47","slug":"feria-yo-me-reciclo-este-domingo-en-colon","status":"publish","type":"post","link":"https:\/\/sertv.gob.pa\/crisolfm\/feria-yo-me-reciclo-este-domingo-en-colon\/","title":{"rendered":"Feria \u201cYo Me Reciclo\u201d este domingo en Col\u00f3n"},"content":{"rendered":"<p>\nEste domingo, 18 de septiembre, la Feria Yo Me Reciclo se toma Col\u00f3n. La feria se realizar\u00e1 en la cancha de Valle la Uni\u00f3n (Nuevo San Juan), en alianza con la Alcald\u00eda de Col\u00f3n, con el fin de levantar las emociones y valorar la cultura colonense. <\/p>\n<p>La feria familiar de entrada gratuita tendr\u00e1 lugar entre 12:00 y 4:00 p.m. Adem\u00e1s de l tradicional centro de acopio de reciclaje (lata, pl\u00e1stico, vidrio, cart\u00f3n, papel, peri\u00f3dico, tetrapak, electr\u00f3nicos, etc), Yo Me Reciclo contar\u00e1 con variedad de actividades para grandes y chicos. <\/p>\n<p>Entre ellas habr\u00e1: retratos humor\u00edsticos, tatuajes de henna, juegos teatrales, comida, pasarela de camisetas y franelas, adopciones de perros y gatos, danza del vientre, Roba Morena en vivo, artesanos, informaci\u00f3n sobre endometriosis, m\u00fasica, pintacaritas, entre otras <\/p>\n<p>\u00a0 <\/p>\n","protected":false},"excerpt":{"rendered":"<p>Este domingo, 18 de septiembre, la Feria Yo Me Reciclo <a href=\"https:\/\/sertv.gob.pa\/crisolfm\/feria-yo-me-reciclo-este-domingo-en-colon\/\"> [&#8230;]<\/a><\/p>\n","protected":false},"author":1,"featured_media":6193,"comment_status":"closed","ping_status":"closed","sticky":false,"template":"","format":"standard","meta":{"footnotes":""},"categories":[7],"tags":[],"class_list":["post-6192","post","type-post","status-publish","format-standard","has-post-thumbnail","hentry","category-ecologicas"],"_links":{"self":[{"href":"https:\/\/sertv.gob.pa\/crisolfm\/wp-json\/wp\/v2\/posts\/6192","targetHints":{"allow":["GET"]}}],"collection":[{"href":"https:\/\/sertv.gob.pa\/crisolfm\/wp-json\/wp\/v2\/posts"}],"about":[{"href":"https:\/\/sertv.gob.pa\/crisolfm\/wp-json\/wp\/v2\/types\/post"}],"author":[{"embeddable":true,"href":"https:\/\/sertv.gob.pa\/crisolfm\/wp-json\/wp\/v2\/users\/1"}],"replies":[{"embeddable":true,"href":"https:\/\/sertv.gob.pa\/crisolfm\/wp-json\/wp\/v2\/comments?post=6192"}],"version-history":[{"count":0,"href":"https:\/\/sertv.gob.pa\/crisolfm\/wp-json\/wp\/v2\/posts\/6192\/revisions"}],"wp:featuredmedia":[{"embeddable":true,"href":"https:\/\/sertv.gob.pa\/crisolfm\/wp-json\/wp\/v2\/media\/6193"}],"wp:attachment":[{"href":"https:\/\/sertv.gob.pa\/crisolfm\/wp-json\/wp\/v2\/media?parent=6192"}],"wp:term":[{"taxonomy":"category","embeddable":true,"href":"https:\/\/sertv.gob.pa\/crisolfm\/wp-json\/wp\/v2\/categories?post=6192"},{"taxonomy":"post_tag","embeddable":true,"href":"https:\/\/sertv.gob.pa\/crisolfm\/wp-json\/wp\/v2\/tags?post=6192"}],"curies":[{"name":"wp","href":"https:\/\/api.w.org\/{rel}","templated":true}]}}