{"id":61926,"date":"2024-05-29T15:46:38","date_gmt":"2024-05-29T15:46:38","guid":{"rendered":"https:\/\/sertv.gob.pa\/crisolfm\/?p=61926"},"modified":"2024-05-29T15:46:38","modified_gmt":"2024-05-29T15:46:38","slug":"segundo-taller-para-padres-de-preescolar-del-iphe-sede-de-betania","status":"publish","type":"post","link":"https:\/\/sertv.gob.pa\/crisolfm\/segundo-taller-para-padres-de-preescolar-del-iphe-sede-de-betania\/","title":{"rendered":"\u201cSegundo taller para padres de preescolar\u201d del IPHE sede de Betania"},"content":{"rendered":"<p><strong><em>La Escuela de Ense\u00f1anza Especial, ubicada en la sede de Betania, realiz\u00f3 su \u201cSegundo taller para padres de preescolar\u201d, enfocado en proporcionar estrategias y herramientas para mejorar las habilidades ling\u00fc\u00edsticas y cognitivas de los ni\u00f1os en el aula especial. Esta actividad, planificada por la Docente Yatzared Villa y apoyada por el Centro de Recursos de la escuela, ofreci\u00f3 a los padres t\u00e9cnicas pr\u00e1cticas y conocimientos esenciales para fomentar el desarrollo integral de sus hijos.<\/em><\/strong><\/p>\n<p><strong><em>Durante el taller, Yatzared Villa, Docente de Educaci\u00f3n Especial de la Escuela de Ense\u00f1anza Especial, destac\u00f3 la importancia de estas habilidades en el desarrollo temprano: \u00abEs esencial que los padres comprendan c\u00f3mo las praxias faciales y labiales, el conocimiento puro y el campo sem\u00e1ntico pueden estimular el lenguaje y ampliar el vocabulario de los ni\u00f1os. Estas herramientas no solo preparan a los ni\u00f1os para la lecto-escritura, sino que tambi\u00e9n fortalecen su capacidad cognitiva en general.\u00bb<\/em><\/strong><\/p>\n<p><strong><em>El uso de la Ling\u00fc\u00edstica en este taller fue un componente clave, abord\u00e1ndose a trav\u00e9s de diversas actividades y estrategias pr\u00e1cticas. Los padres aprendieron c\u00f3mo realizar ejercicios de praxias faciales y labiales, que son fundamentales para el desarrollo adecuado del habla. Adem\u00e1s, se trabaj\u00f3 en el conocimiento puro y el campo sem\u00e1ntico, aspectos cruciales para el desarrollo del pensamiento l\u00f3gico y la comprensi\u00f3n del lenguaje.<\/em><\/strong><\/p>\n<p><strong><em>Estas herramientas permiten a los padres involucrarse activamente en el desarrollo ling\u00fc\u00edstico de sus hijos, creando un ambiente enriquecedor en el hogar que facilita el aprendizaje y el crecimiento cognitivo. En el l taller existe una colaboraci\u00f3n entre padres y educadores para lograr un desarrollo integral y significativo en los ni\u00f1os de preescolar.<\/em><\/strong><\/p>\n<p><strong><em>La actividad fue planificada por la Docente Villa, y la misma se efectu\u00f3 en el Centro de Recursos, el cual provee a todo el personal docente de esta escuela, los materiales y recursos necesarios al servicio de los estudiantes. Con este apoyo educativo y log\u00edstico, los talleres pueden ofrecer una amplia gama de materiales did\u00e1cticos y herramientas especializadas que optimizan el aprendizaje y facilitan la implementaci\u00f3n de las estrategias ense\u00f1adas.<\/em><\/strong><\/p>\n<p><strong><em>Con iniciativas como este taller, el IPHE, sede de Betania, reafirma su compromiso con la educaci\u00f3n especial y el apoyo a las familias, asegurando que los ni\u00f1os reciban la mejor preparaci\u00f3n posible para su futuro acad\u00e9mico y personal.\u00a0<\/em><\/strong><\/p>\n<p><em>\u00a0<\/em><\/p>\n<p>Fuente: IPHE<\/p>\n","protected":false},"excerpt":{"rendered":"<p>La Escuela de Ense\u00f1anza Especial, ubicada en la sede de <a href=\"https:\/\/sertv.gob.pa\/crisolfm\/segundo-taller-para-padres-de-preescolar-del-iphe-sede-de-betania\/\"> [&#8230;]<\/a><\/p>\n","protected":false},"author":9,"featured_media":61927,"comment_status":"closed","ping_status":"closed","sticky":false,"template":"","format":"standard","meta":{"footnotes":""},"categories":[14],"tags":[],"class_list":["post-61926","post","type-post","status-publish","format-standard","has-post-thumbnail","hentry","category-salud"],"_links":{"self":[{"href":"https:\/\/sertv.gob.pa\/crisolfm\/wp-json\/wp\/v2\/posts\/61926","targetHints":{"allow":["GET"]}}],"collection":[{"href":"https:\/\/sertv.gob.pa\/crisolfm\/wp-json\/wp\/v2\/posts"}],"about":[{"href":"https:\/\/sertv.gob.pa\/crisolfm\/wp-json\/wp\/v2\/types\/post"}],"author":[{"embeddable":true,"href":"https:\/\/sertv.gob.pa\/crisolfm\/wp-json\/wp\/v2\/users\/9"}],"replies":[{"embeddable":true,"href":"https:\/\/sertv.gob.pa\/crisolfm\/wp-json\/wp\/v2\/comments?post=61926"}],"version-history":[{"count":1,"href":"https:\/\/sertv.gob.pa\/crisolfm\/wp-json\/wp\/v2\/posts\/61926\/revisions"}],"predecessor-version":[{"id":61928,"href":"https:\/\/sertv.gob.pa\/crisolfm\/wp-json\/wp\/v2\/posts\/61926\/revisions\/61928"}],"wp:featuredmedia":[{"embeddable":true,"href":"https:\/\/sertv.gob.pa\/crisolfm\/wp-json\/wp\/v2\/media\/61927"}],"wp:attachment":[{"href":"https:\/\/sertv.gob.pa\/crisolfm\/wp-json\/wp\/v2\/media?parent=61926"}],"wp:term":[{"taxonomy":"category","embeddable":true,"href":"https:\/\/sertv.gob.pa\/crisolfm\/wp-json\/wp\/v2\/categories?post=61926"},{"taxonomy":"post_tag","embeddable":true,"href":"https:\/\/sertv.gob.pa\/crisolfm\/wp-json\/wp\/v2\/tags?post=61926"}],"curies":[{"name":"wp","href":"https:\/\/api.w.org\/{rel}","templated":true}]}}