{"id":61959,"date":"2024-05-30T15:23:13","date_gmt":"2024-05-30T15:23:13","guid":{"rendered":"https:\/\/sertv.gob.pa\/crisolfm\/?p=61959"},"modified":"2024-05-30T15:23:13","modified_gmt":"2024-05-30T15:23:13","slug":"en-veraguas-estudiantes-participan-de-un-taller-de-psicomotricidad","status":"publish","type":"post","link":"https:\/\/sertv.gob.pa\/crisolfm\/en-veraguas-estudiantes-participan-de-un-taller-de-psicomotricidad\/","title":{"rendered":"En Veraguas estudiantes participan de un Taller de Psicomotricidad"},"content":{"rendered":"<div class=\"fusion-fullwidth fullwidth-box fusion-builder-row-1 fusion-flex-container has-pattern-background has-mask-background nonhundred-percent-fullwidth non-hundred-percent-height-scrolling\" style=\"--awb-border-radius-top-left:0px;--awb-border-radius-top-right:0px;--awb-border-radius-bottom-right:0px;--awb-border-radius-bottom-left:0px;--awb-flex-wrap:wrap;\" ><div class=\"fusion-builder-row fusion-row fusion-flex-align-items-flex-start fusion-flex-content-wrap\" style=\"max-width:1144px;margin-left: calc(-4% \/ 2 );margin-right: calc(-4% \/ 2 );\"><div class=\"fusion-layout-column fusion_builder_column fusion-builder-column-0 fusion_builder_column_1_1 1_1 fusion-flex-column\" style=\"--awb-bg-size:cover;--awb-width-large:100%;--awb-margin-top-large:0px;--awb-spacing-right-large:1.92%;--awb-margin-bottom-large:20px;--awb-spacing-left-large:1.92%;--awb-width-medium:100%;--awb-order-medium:0;--awb-spacing-right-medium:1.92%;--awb-spacing-left-medium:1.92%;--awb-width-small:100%;--awb-order-small:0;--awb-spacing-right-small:1.92%;--awb-spacing-left-small:1.92%;\"><div class=\"fusion-column-wrapper fusion-column-has-shadow fusion-flex-justify-content-flex-start fusion-content-layout-column\"><div class=\"fusion-text fusion-text-1\"><p><strong><em>Un taller de psicomotricidad titulado \u00abEquilibrio &#8211; Ritmo y Coordinaci\u00f3n\u00bb, se realiz\u00f3 en la Escuela Rub\u00e9n Dar\u00edo, un \u00a0Centro Educativo Inclusivo de la ciudad de Santiago de Veraguas, en el que participaron 15 estudiantes de entre 6 y 10 a\u00f1os, que reciben los servicios, recursos y apoyos en este plantel por parte de la entidad.<\/em><\/strong><\/p>\n<p><strong><em>El objetivo del taller, fue estimular la integraci\u00f3n sensorio-perceptivo, motriz en los estudiantes de inclusi\u00f3n, el cual, es planificado y desarrollado por la licenciada\u00a0 Mar\u00eda Quiel, especialista en fisioterapia y quien explic\u00f3 que \u201cla psicomotricidad es fundamental para el desarrollo integral de los ni\u00f1os, especialmente aquellos con necesidades especiales\u201d.<\/em><\/strong><\/p>\n<p><strong><em>\u00abEstos talleres, les permiten mejorar su equilibrio, ritmo y coordinaci\u00f3n, lo que se traduce en un mejor desempe\u00f1o acad\u00e9mico y social\u00bb, coment\u00f3 Quiel. Durante las sesiones, los ni\u00f1os realizan actividades que combinan movimientos corporales y juegos, lo que facilita un aprendizaje l\u00fadico y efectivo.<\/em><\/strong><\/p>\n<p><strong><em>Para dar continuidad a las terapias en el hogar, la especialista recomienda a los padres, crear un ambiente seguro y propicio para que los ni\u00f1os puedan practicar ejercicios similares a los realizados en el taller. \u00abLos padres pueden utilizar objetos cotidianos, como pelotas o cuerdas, para recrear actividades de equilibrio y coordinaci\u00f3n en casa. Es importante mantener una rutina constante y positiva para reforzar los aprendizajes\u00bb, aconseja Quiel.<\/em><\/strong><\/p>\n<p><strong><em>Adem\u00e1s de los beneficios directos para los estudiantes, estos talleres tambi\u00e9n fomentan una mayor inclusi\u00f3n y sensibilizaci\u00f3n en la comunidad educativa. La Escuela Rub\u00e9n Dar\u00edo, se destaca por su compromiso con la educaci\u00f3n inclusiva, brindando oportunidades equitativas para todos sus alumnos. \u00abNuestro objetivo es que cada ni\u00f1o pueda desarrollar su m\u00e1ximo potencial, y estos talleres son un paso crucial hacia esa meta\u00bb, concluy\u00f3 Mar\u00eda Quiel.<\/em><\/strong><\/p>\n<p><strong><em>\u00a0<\/em><\/strong><\/p>\n<p>Fuente: IPHE<\/p>\n<\/div><div class=\"awb-gallery-wrapper awb-gallery-wrapper-1 button-span-no\" style=\"--more-btn-alignment:center;\"><div style=\"margin:-5px;--awb-bordersize:0px;\" class=\"fusion-gallery fusion-gallery-container fusion-grid-3 fusion-columns-total-4 fusion-gallery-layout-grid fusion-gallery-1\"><div style=\"padding:5px;\" class=\"fusion-grid-column fusion-gallery-column fusion-gallery-column-3 hover-type-none\"><div class=\"fusion-gallery-image\"><a href=\"https:\/\/sertv.gob.pa\/crisolfm\/wp-content\/uploads\/sites\/2\/2024\/05\/IPHE-EN-VERAGUAS-2.jpg\" rel=\"noreferrer\" data-rel=\"iLightbox[gallery_image_1]\" class=\"fusion-lightbox\" target=\"_self\"><img decoding=\"async\" src=\"https:\/\/sertv.gob.pa\/crisolfm\/wp-content\/uploads\/sites\/2\/2024\/05\/IPHE-EN-VERAGUAS-2.jpg\" width=\"400\" height=\"400\" alt=\"\" title=\"IPHE EN VERAGUAS 2\" aria-label=\"IPHE EN VERAGUAS 2\" class=\"img-responsive wp-image-61961\" srcset=\"https:\/\/sertv.gob.pa\/crisolfm\/wp-content\/uploads\/sites\/2\/2024\/05\/IPHE-EN-VERAGUAS-2-200x200.jpg 200w, https:\/\/sertv.gob.pa\/crisolfm\/wp-content\/uploads\/sites\/2\/2024\/05\/IPHE-EN-VERAGUAS-2.jpg 400w\" sizes=\"(min-width: 2200px) 100vw, (min-width: 784px) 363px, (min-width: 712px) 545px, (min-width: 640px) 712px, \" \/><\/a><\/div><\/div><div style=\"padding:5px;\" class=\"fusion-grid-column fusion-gallery-column fusion-gallery-column-3 hover-type-none\"><div class=\"fusion-gallery-image\"><a href=\"https:\/\/sertv.gob.pa\/crisolfm\/wp-content\/uploads\/sites\/2\/2024\/05\/IPHE-EN-VERAGUAS-3.jpg\" rel=\"noreferrer\" data-rel=\"iLightbox[gallery_image_1]\" class=\"fusion-lightbox\" target=\"_self\"><img decoding=\"async\" src=\"https:\/\/sertv.gob.pa\/crisolfm\/wp-content\/uploads\/sites\/2\/2024\/05\/IPHE-EN-VERAGUAS-3.jpg\" width=\"400\" height=\"400\" alt=\"\" title=\"IPHE EN VERAGUAS 3\" aria-label=\"IPHE EN VERAGUAS 3\" class=\"img-responsive wp-image-61962\" srcset=\"https:\/\/sertv.gob.pa\/crisolfm\/wp-content\/uploads\/sites\/2\/2024\/05\/IPHE-EN-VERAGUAS-3-200x200.jpg 200w, https:\/\/sertv.gob.pa\/crisolfm\/wp-content\/uploads\/sites\/2\/2024\/05\/IPHE-EN-VERAGUAS-3.jpg 400w\" sizes=\"(min-width: 2200px) 100vw, (min-width: 784px) 363px, (min-width: 712px) 545px, (min-width: 640px) 712px, \" \/><\/a><\/div><\/div><div style=\"padding:5px;\" class=\"fusion-grid-column fusion-gallery-column fusion-gallery-column-3 hover-type-none\"><div class=\"fusion-gallery-image\"><a href=\"https:\/\/sertv.gob.pa\/crisolfm\/wp-content\/uploads\/sites\/2\/2024\/05\/IPHE-EN-VERAGUAS-4.jpg\" rel=\"noreferrer\" data-rel=\"iLightbox[gallery_image_1]\" class=\"fusion-lightbox\" target=\"_self\"><img decoding=\"async\" src=\"https:\/\/sertv.gob.pa\/crisolfm\/wp-content\/uploads\/sites\/2\/2024\/05\/IPHE-EN-VERAGUAS-4.jpg\" width=\"400\" height=\"400\" alt=\"\" title=\"IPHE EN VERAGUAS 4\" aria-label=\"IPHE EN VERAGUAS 4\" class=\"img-responsive wp-image-61963\" srcset=\"https:\/\/sertv.gob.pa\/crisolfm\/wp-content\/uploads\/sites\/2\/2024\/05\/IPHE-EN-VERAGUAS-4-200x200.jpg 200w, https:\/\/sertv.gob.pa\/crisolfm\/wp-content\/uploads\/sites\/2\/2024\/05\/IPHE-EN-VERAGUAS-4.jpg 400w\" sizes=\"(min-width: 2200px) 100vw, (min-width: 784px) 363px, (min-width: 712px) 545px, (min-width: 640px) 712px, \" \/><\/a><\/div><\/div><div class=\"clearfix\"><\/div><div style=\"padding:5px;\" class=\"fusion-grid-column fusion-gallery-column fusion-gallery-column-3 hover-type-none\"><div class=\"fusion-gallery-image\"><a href=\"https:\/\/sertv.gob.pa\/crisolfm\/wp-content\/uploads\/sites\/2\/2024\/05\/IPHE-EN-VERAGUAS-5.jpg\" rel=\"noreferrer\" data-rel=\"iLightbox[gallery_image_1]\" class=\"fusion-lightbox\" target=\"_self\"><img decoding=\"async\" src=\"https:\/\/sertv.gob.pa\/crisolfm\/wp-content\/uploads\/sites\/2\/2024\/05\/IPHE-EN-VERAGUAS-5.jpg\" width=\"400\" height=\"400\" alt=\"\" title=\"IPHE EN VERAGUAS 5\" aria-label=\"IPHE EN VERAGUAS 5\" class=\"img-responsive wp-image-61964\" srcset=\"https:\/\/sertv.gob.pa\/crisolfm\/wp-content\/uploads\/sites\/2\/2024\/05\/IPHE-EN-VERAGUAS-5-200x200.jpg 200w, https:\/\/sertv.gob.pa\/crisolfm\/wp-content\/uploads\/sites\/2\/2024\/05\/IPHE-EN-VERAGUAS-5.jpg 400w\" sizes=\"(min-width: 2200px) 100vw, (min-width: 784px) 363px, (min-width: 712px) 545px, (min-width: 640px) 712px, \" \/><\/a><\/div><\/div><\/div><\/div><\/div><\/div><\/div><\/div>\n","protected":false},"excerpt":{"rendered":"","protected":false},"author":9,"featured_media":61960,"comment_status":"closed","ping_status":"closed","sticky":false,"template":"","format":"standard","meta":{"footnotes":""},"categories":[14],"tags":[],"class_list":["post-61959","post","type-post","status-publish","format-standard","has-post-thumbnail","hentry","category-salud"],"_links":{"self":[{"href":"https:\/\/sertv.gob.pa\/crisolfm\/wp-json\/wp\/v2\/posts\/61959","targetHints":{"allow":["GET"]}}],"collection":[{"href":"https:\/\/sertv.gob.pa\/crisolfm\/wp-json\/wp\/v2\/posts"}],"about":[{"href":"https:\/\/sertv.gob.pa\/crisolfm\/wp-json\/wp\/v2\/types\/post"}],"author":[{"embeddable":true,"href":"https:\/\/sertv.gob.pa\/crisolfm\/wp-json\/wp\/v2\/users\/9"}],"replies":[{"embeddable":true,"href":"https:\/\/sertv.gob.pa\/crisolfm\/wp-json\/wp\/v2\/comments?post=61959"}],"version-history":[{"count":1,"href":"https:\/\/sertv.gob.pa\/crisolfm\/wp-json\/wp\/v2\/posts\/61959\/revisions"}],"predecessor-version":[{"id":61965,"href":"https:\/\/sertv.gob.pa\/crisolfm\/wp-json\/wp\/v2\/posts\/61959\/revisions\/61965"}],"wp:featuredmedia":[{"embeddable":true,"href":"https:\/\/sertv.gob.pa\/crisolfm\/wp-json\/wp\/v2\/media\/61960"}],"wp:attachment":[{"href":"https:\/\/sertv.gob.pa\/crisolfm\/wp-json\/wp\/v2\/media?parent=61959"}],"wp:term":[{"taxonomy":"category","embeddable":true,"href":"https:\/\/sertv.gob.pa\/crisolfm\/wp-json\/wp\/v2\/categories?post=61959"},{"taxonomy":"post_tag","embeddable":true,"href":"https:\/\/sertv.gob.pa\/crisolfm\/wp-json\/wp\/v2\/tags?post=61959"}],"curies":[{"name":"wp","href":"https:\/\/api.w.org\/{rel}","templated":true}]}}