{"id":6202,"date":"2016-09-17T05:00:00","date_gmt":"2016-09-17T05:00:00","guid":{"rendered":""},"modified":"2016-09-17T05:00:00","modified_gmt":"2016-09-17T05:00:00","slug":"en-tan-solo-7-anos-poblacion-de-elefantes-cae-30","status":"publish","type":"post","link":"https:\/\/sertv.gob.pa\/crisolfm\/en-tan-solo-7-anos-poblacion-de-elefantes-cae-30\/","title":{"rendered":"En tan solo 7 a\u00f1os, poblaci\u00f3n de elefantes cae 30%"},"content":{"rendered":"<p>\nLa poblaci\u00f3n de elefantes africanos cay\u00f3 un 30% de 2007 a 2014, experimentando el &lsquo;mayor declive&#8217; desde que hay datos cient\u00edficos, seg\u00fan el Gran Censo de Elefantes que se presenta a inicios de este mes de septiembre en el Congreso Mundial de la Naturaleza. <\/p>\n<p>El resultado del Gran Censo de Elefantes pone de manifiesto que en 2014 hab\u00eda en \u00c1frica 144,000 elefantes menos que en 2007, seg\u00fan los datos a los que ha tenido acceso EFE. <\/p>\n<p>Los cient\u00edficos que han realiazdo este estudio atribuyen este notable descenso en la poblaci\u00f3n de elefantes de la sabana africana a la caza ilegal. Una pr\u00e1ctica &lsquo;que no tiene sentido moral, econ\u00f3mico ni pol\u00edtico&#8217;, subray\u00f3 Ibrahim Thiaw, director adjunto del Programa de las Naciones Unidas para el Medio Ambiente (PNUMA). <\/p>\n<p>&lsquo;Los elefantes ya se han extinguido en mi propio pa\u00eds, Mauritania, y todo apunta a que pa\u00edses como Camer\u00fan o Mali, donde las poblaciones est\u00e1n realmente diezmadas, seguir\u00e1n el mismo camino a no ser que tomemos medidas contundentes&#8217;, dijo. <\/p>\n<p>Fuentes del PNUMA consideran que los Estados africanos saben qu\u00e9 medidas tomar para parar el declive en las poblaciones de elefantes, s\u00f3lo &lsquo;falta aplicar esas acciones y colaborar entre pa\u00edses para acabar con esta lacra&#8217;. Realizar el Gran Censo de Elefantes cost\u00f3 &lsquo;7 millones y tom\u00f3 tres a\u00f1os de trabajos cient\u00edficos que financi\u00f3 Paul Allen, cofundador de Microsoft, coment\u00f3 los resultados durante el Congreso Mundial de la Naturaleza, que celebr\u00f3 la Uni\u00f3n Internacional para la Conservaci\u00f3n de la Naturaleza (UICN) en Hawai hasta el pasado 10 de septiembre. <\/p>\n<p>Al respecto, la ministra de Medio Ambiente sudafricana, Edna Molewa, alert\u00f3 de la tendencia al alza de la caza furtiva de elefantes para obtener el marfil de sus colmillos en el parque Kruger, donde 36 elefantes han muerto abatidos desde el mes de enero, 24 m\u00e1s que en todo el a\u00f1o pasado y 34 m\u00e1s que en 2014, cuando tras 14 a\u00f1os sin ejemplares abatidos se contabilizaron dos muertes. <\/p>\n<p>\u00a0 <\/p>\n","protected":false},"excerpt":{"rendered":"<p>La poblaci\u00f3n de elefantes africanos cay\u00f3 un 30% de 2007 <a href=\"https:\/\/sertv.gob.pa\/crisolfm\/en-tan-solo-7-anos-poblacion-de-elefantes-cae-30\/\"> [&#8230;]<\/a><\/p>\n","protected":false},"author":1,"featured_media":6203,"comment_status":"closed","ping_status":"closed","sticky":false,"template":"","format":"standard","meta":{"footnotes":""},"categories":[7],"tags":[],"class_list":["post-6202","post","type-post","status-publish","format-standard","has-post-thumbnail","hentry","category-ecologicas"],"_links":{"self":[{"href":"https:\/\/sertv.gob.pa\/crisolfm\/wp-json\/wp\/v2\/posts\/6202","targetHints":{"allow":["GET"]}}],"collection":[{"href":"https:\/\/sertv.gob.pa\/crisolfm\/wp-json\/wp\/v2\/posts"}],"about":[{"href":"https:\/\/sertv.gob.pa\/crisolfm\/wp-json\/wp\/v2\/types\/post"}],"author":[{"embeddable":true,"href":"https:\/\/sertv.gob.pa\/crisolfm\/wp-json\/wp\/v2\/users\/1"}],"replies":[{"embeddable":true,"href":"https:\/\/sertv.gob.pa\/crisolfm\/wp-json\/wp\/v2\/comments?post=6202"}],"version-history":[{"count":0,"href":"https:\/\/sertv.gob.pa\/crisolfm\/wp-json\/wp\/v2\/posts\/6202\/revisions"}],"wp:featuredmedia":[{"embeddable":true,"href":"https:\/\/sertv.gob.pa\/crisolfm\/wp-json\/wp\/v2\/media\/6203"}],"wp:attachment":[{"href":"https:\/\/sertv.gob.pa\/crisolfm\/wp-json\/wp\/v2\/media?parent=6202"}],"wp:term":[{"taxonomy":"category","embeddable":true,"href":"https:\/\/sertv.gob.pa\/crisolfm\/wp-json\/wp\/v2\/categories?post=6202"},{"taxonomy":"post_tag","embeddable":true,"href":"https:\/\/sertv.gob.pa\/crisolfm\/wp-json\/wp\/v2\/tags?post=6202"}],"curies":[{"name":"wp","href":"https:\/\/api.w.org\/{rel}","templated":true}]}}