{"id":62023,"date":"2024-06-03T16:21:22","date_gmt":"2024-06-03T16:21:22","guid":{"rendered":"https:\/\/sertv.gob.pa\/crisolfm\/?p=62023"},"modified":"2024-06-03T16:21:22","modified_gmt":"2024-06-03T16:21:22","slug":"iendi-recibe-donacion-de-mochilas-para-terapias-en-casa","status":"publish","type":"post","link":"https:\/\/sertv.gob.pa\/crisolfm\/iendi-recibe-donacion-de-mochilas-para-terapias-en-casa\/","title":{"rendered":"IENDI recibe donaci\u00f3n de mochilas para terapias en casa"},"content":{"rendered":"<p><strong><em>En el Instituto Especializado de Neuro Desarrollo Integral (IENDI) entrega y capacita\u00a0 sobre el uso de las mochilas para terapia ocupacional y fisioterapia en casa a los padres o cuidadores de los ni\u00f1os de edad de 0 a 3 a\u00f1os.<\/em><\/strong><\/p>\n<p><strong><em>Esta donaci\u00f3n, se verific\u00f3 en fecha reciente, a trav\u00e9s del Ministerio de Desarrollo Social de Panam\u00e1 (\u00a0\u00a0\u00a0\u00a0\u00a0 MIDES), dicha mochila contiene, libros de cuentos cortos, tapete para el piso, juegos did\u00e1cticos y de estimulaci\u00f3n entre otras actividades para continuar las terapias dadas en el instituto, en casa junto con sus familiares y ver m\u00e1s r\u00e1pidas las evoluciones de los ni\u00f1os.<\/em><\/strong><\/p>\n<p><strong><em>El Ministerio de Salud de Panam\u00e1 (MINSA), reitera que, esta instalaci\u00f3n\u00a0 cuenta con especialistas y subespecialistas como: pediatras de Neurodesarrollo, fonoaudi\u00f3logos, terapistas f\u00edsicos, terapistas ocupacionales, actualmente, solo se atiende a ni\u00f1os de 0 a 9 a\u00f1os.<\/em><\/strong><\/p>\n<p><strong><em>Tambi\u00e9n, se recalca a los padres de familias, cuidadores o responsables de los infantes, que acudan a los controles de crecimiento y desarrollo en la atenci\u00f3n de primer nivel de las instalaciones del MINSA y de la CSS, de \u00a0ser necesario, los pediatras ser\u00e1n los que determinen y refieran a los ni\u00f1os para su atenci\u00f3n en el IENDI.<\/em><\/strong><\/p>\n<p><strong><em>El personal de esta instalaci\u00f3n, es especializado y adem\u00e1s el mismo cuenta con equipos para los tratamientos que requieran los peque\u00f1os que all\u00ed acudan.<\/em><\/strong><\/p>\n<p><strong><em>\u00a0<\/em><\/strong><\/p>\n<p>Fuente: MINSA<\/p>\n","protected":false},"excerpt":{"rendered":"<p>En el Instituto Especializado de Neuro Desarrollo Integral (IENDI) entrega <a href=\"https:\/\/sertv.gob.pa\/crisolfm\/iendi-recibe-donacion-de-mochilas-para-terapias-en-casa\/\"> [&#8230;]<\/a><\/p>\n","protected":false},"author":9,"featured_media":62024,"comment_status":"closed","ping_status":"closed","sticky":false,"template":"","format":"standard","meta":{"footnotes":""},"categories":[14],"tags":[],"class_list":["post-62023","post","type-post","status-publish","format-standard","has-post-thumbnail","hentry","category-salud"],"_links":{"self":[{"href":"https:\/\/sertv.gob.pa\/crisolfm\/wp-json\/wp\/v2\/posts\/62023","targetHints":{"allow":["GET"]}}],"collection":[{"href":"https:\/\/sertv.gob.pa\/crisolfm\/wp-json\/wp\/v2\/posts"}],"about":[{"href":"https:\/\/sertv.gob.pa\/crisolfm\/wp-json\/wp\/v2\/types\/post"}],"author":[{"embeddable":true,"href":"https:\/\/sertv.gob.pa\/crisolfm\/wp-json\/wp\/v2\/users\/9"}],"replies":[{"embeddable":true,"href":"https:\/\/sertv.gob.pa\/crisolfm\/wp-json\/wp\/v2\/comments?post=62023"}],"version-history":[{"count":1,"href":"https:\/\/sertv.gob.pa\/crisolfm\/wp-json\/wp\/v2\/posts\/62023\/revisions"}],"predecessor-version":[{"id":62025,"href":"https:\/\/sertv.gob.pa\/crisolfm\/wp-json\/wp\/v2\/posts\/62023\/revisions\/62025"}],"wp:featuredmedia":[{"embeddable":true,"href":"https:\/\/sertv.gob.pa\/crisolfm\/wp-json\/wp\/v2\/media\/62024"}],"wp:attachment":[{"href":"https:\/\/sertv.gob.pa\/crisolfm\/wp-json\/wp\/v2\/media?parent=62023"}],"wp:term":[{"taxonomy":"category","embeddable":true,"href":"https:\/\/sertv.gob.pa\/crisolfm\/wp-json\/wp\/v2\/categories?post=62023"},{"taxonomy":"post_tag","embeddable":true,"href":"https:\/\/sertv.gob.pa\/crisolfm\/wp-json\/wp\/v2\/tags?post=62023"}],"curies":[{"name":"wp","href":"https:\/\/api.w.org\/{rel}","templated":true}]}}