{"id":62026,"date":"2024-06-03T16:47:45","date_gmt":"2024-06-03T16:47:45","guid":{"rendered":"https:\/\/sertv.gob.pa\/crisolfm\/?p=62026"},"modified":"2024-06-03T16:47:45","modified_gmt":"2024-06-03T16:47:45","slug":"estudiantes-del-programa-de-paralisis-cerebral-realizan-actividad-un-safari-por-el-africa","status":"publish","type":"post","link":"https:\/\/sertv.gob.pa\/crisolfm\/estudiantes-del-programa-de-paralisis-cerebral-realizan-actividad-un-safari-por-el-africa\/","title":{"rendered":"Estudiantes del Programa de Par\u00e1lisis Cerebral realizan actividad: \u00abUn Safari por el \u00c1frica\u00bb"},"content":{"rendered":"<div class=\"fusion-fullwidth fullwidth-box fusion-builder-row-1 fusion-flex-container has-pattern-background has-mask-background nonhundred-percent-fullwidth non-hundred-percent-height-scrolling\" style=\"--awb-border-radius-top-left:0px;--awb-border-radius-top-right:0px;--awb-border-radius-bottom-right:0px;--awb-border-radius-bottom-left:0px;--awb-flex-wrap:wrap;\" ><div class=\"fusion-builder-row fusion-row fusion-flex-align-items-flex-start fusion-flex-content-wrap\" style=\"max-width:1144px;margin-left: calc(-4% \/ 2 );margin-right: calc(-4% \/ 2 );\"><div class=\"fusion-layout-column fusion_builder_column fusion-builder-column-0 fusion_builder_column_1_1 1_1 fusion-flex-column\" style=\"--awb-bg-size:cover;--awb-width-large:100%;--awb-margin-top-large:0px;--awb-spacing-right-large:1.92%;--awb-margin-bottom-large:20px;--awb-spacing-left-large:1.92%;--awb-width-medium:100%;--awb-order-medium:0;--awb-spacing-right-medium:1.92%;--awb-spacing-left-medium:1.92%;--awb-width-small:100%;--awb-order-small:0;--awb-spacing-right-small:1.92%;--awb-spacing-left-small:1.92%;\"><div class=\"fusion-column-wrapper fusion-column-has-shadow fusion-flex-justify-content-flex-start fusion-content-layout-column\"><div class=\"fusion-text fusion-text-1\"><p><strong><em>\u00a0<\/em><\/strong><\/p>\n<p><strong><em>En el IPHE (Instituto Paname\u00f1o de Habilitaci\u00f3n Especial), en conmemoraci\u00f3n del \u00abMes de la Etnia Negra\u00bb, los estudiantes del Programa de Par\u00e1lisis Cerebral (PEC), participaron en una enriquecedora actividad l\u00fadopedag\u00f3gica titulada \u00abSafari por el \u00c1frica\u00bb. Durante esta experiencia, los alumnos, se vistieron con trajes tradicionales afrodescendientes, celebrando as\u00ed la rica herencia cultural africana.<\/em><\/strong><\/p>\n<p><strong><em>La actividad, no solo buscaba la diversi\u00f3n, sino tambi\u00e9n el aprendizaje significativo. A trav\u00e9s de la exploraci\u00f3n de la fauna silvestre africana, los estudiantes ampliaron sus conocimientos de geograf\u00eda y biolog\u00eda, integrando as\u00ed, el estudio de diversas especies y ecosistemas en un contexto culturalmente relevante.\u00a0<\/em><\/strong><\/p>\n<p><strong><em>Esta combinaci\u00f3n de aprendizaje y entretenimiento, fomenta una educaci\u00f3n inclusiva y diversa, enriqueciendo la comprensi\u00f3n de nuestros estudiantes sobre la importancia de la diversidad \u00e9tnica y cultural.<\/em><\/strong><\/p>\n<p><strong><em>Este tipo de actividades, son cruciales para los estudiantes con Par\u00e1lisis Cerebral, ya que promueven la inclusi\u00f3n y la igualdad de oportunidades en el proceso educativo. Al participar en experiencias l\u00fadopedag\u00f3gicas como \u00abSafari por el \u00c1frica\u00bb, los estudiantes no solo se divierten, sino que tambi\u00e9n desarrollan habilidades sociales, cognitivas y motoras en un entorno adaptado a sus necesidades. Estas actividades permiten que los alumnos se sientan valorados y reconocidos, fortaleciendo su autoestima y confianza.<\/em><\/strong><\/p>\n<p><strong><em>Los estudiantes con Par\u00e1lisis Cerebral, se benefician de m\u00e9todos de ense\u00f1anza multisensoriales que captan su inter\u00e9s y atenci\u00f3n, haciendo que el aprendizaje sea m\u00e1s efectivo. Adem\u00e1s, la integraci\u00f3n de elementos culturales y educativos en las actividades l\u00fadicas facilita un aprendizaje m\u00e1s significativo y accesible.\u00a0<\/em><\/strong><\/p>\n<p><strong><em>Al explorar diferentes culturas y geograf\u00edas, se fomenta en ellos un sentido de pertenencia y comprensi\u00f3n del mundo diverso que los rodea, prepar\u00e1ndolos mejor para participar activamente en la sociedad.<\/em><\/strong><\/p>\n<p><strong><em>Los estudiantes pertenecen a los salones de las docentes de educaci\u00f3n especial, Levinka Famiglietti y Zayuli V\u00e1squez de \u00c1vila, quienes planifican estas clases con herramientas pedag\u00f3gicas para el logro efectivo de los aprendizajes de los alumnos.<\/em><\/strong><\/p>\n<p>Fuente: IPHE<\/p>\n<\/div><div class=\"awb-gallery-wrapper awb-gallery-wrapper-1 button-span-no\" style=\"--more-btn-alignment:center;\"><div style=\"margin:-5px;--awb-bordersize:0px;\" class=\"fusion-gallery fusion-gallery-container fusion-grid-3 fusion-columns-total-3 fusion-gallery-layout-grid fusion-gallery-1\"><div style=\"padding:5px;\" class=\"fusion-grid-column fusion-gallery-column fusion-gallery-column-3 hover-type-none\"><div class=\"fusion-gallery-image\"><a href=\"https:\/\/sertv.gob.pa\/crisolfm\/wp-content\/uploads\/sites\/2\/2024\/06\/IPHE-PEC-3.jpg\" rel=\"noreferrer\" data-rel=\"iLightbox[gallery_image_1]\" class=\"fusion-lightbox\" target=\"_self\"><img decoding=\"async\" src=\"https:\/\/sertv.gob.pa\/crisolfm\/wp-content\/uploads\/sites\/2\/2024\/06\/IPHE-PEC-3.jpg\" width=\"409\" height=\"600\" alt=\"\" title=\"CREATOR: gd-jpeg v1.0 (using IJG JPEG v80), quality = 90\" aria-label=\"CREATOR: gd-jpeg v1.0 (using IJG JPEG v80), quality = 90\" class=\"img-responsive wp-image-62029\" srcset=\"https:\/\/sertv.gob.pa\/crisolfm\/wp-content\/uploads\/sites\/2\/2024\/06\/IPHE-PEC-3-200x293.jpg 200w, https:\/\/sertv.gob.pa\/crisolfm\/wp-content\/uploads\/sites\/2\/2024\/06\/IPHE-PEC-3-400x587.jpg 400w, https:\/\/sertv.gob.pa\/crisolfm\/wp-content\/uploads\/sites\/2\/2024\/06\/IPHE-PEC-3.jpg 409w\" sizes=\"(min-width: 2200px) 100vw, (min-width: 784px) 363px, (min-width: 712px) 545px, (min-width: 640px) 712px, \" \/><\/a><\/div><\/div><div style=\"padding:5px;\" class=\"fusion-grid-column fusion-gallery-column fusion-gallery-column-3 hover-type-none\"><div class=\"fusion-gallery-image\"><a href=\"https:\/\/sertv.gob.pa\/crisolfm\/wp-content\/uploads\/sites\/2\/2024\/06\/IPHE-PEC-4.jpg\" rel=\"noreferrer\" data-rel=\"iLightbox[gallery_image_1]\" class=\"fusion-lightbox\" target=\"_self\"><img decoding=\"async\" src=\"https:\/\/sertv.gob.pa\/crisolfm\/wp-content\/uploads\/sites\/2\/2024\/06\/IPHE-PEC-4.jpg\" width=\"600\" height=\"450\" alt=\"\" title=\"CREATOR: gd-jpeg v1.0 (using IJG JPEG v80), quality = 90\" aria-label=\"CREATOR: gd-jpeg v1.0 (using IJG JPEG v80), quality = 90\" class=\"img-responsive wp-image-62030\" srcset=\"https:\/\/sertv.gob.pa\/crisolfm\/wp-content\/uploads\/sites\/2\/2024\/06\/IPHE-PEC-4-200x150.jpg 200w, https:\/\/sertv.gob.pa\/crisolfm\/wp-content\/uploads\/sites\/2\/2024\/06\/IPHE-PEC-4-400x300.jpg 400w, https:\/\/sertv.gob.pa\/crisolfm\/wp-content\/uploads\/sites\/2\/2024\/06\/IPHE-PEC-4.jpg 600w\" sizes=\"(min-width: 2200px) 100vw, (min-width: 784px) 363px, (min-width: 712px) 545px, (min-width: 640px) 712px, \" \/><\/a><\/div><\/div><div style=\"padding:5px;\" class=\"fusion-grid-column fusion-gallery-column fusion-gallery-column-3 hover-type-none\"><div class=\"fusion-gallery-image\"><a href=\"https:\/\/sertv.gob.pa\/crisolfm\/wp-content\/uploads\/sites\/2\/2024\/06\/IPHE-PEC-5.jpg\" rel=\"noreferrer\" data-rel=\"iLightbox[gallery_image_1]\" class=\"fusion-lightbox\" target=\"_self\"><img decoding=\"async\" src=\"https:\/\/sertv.gob.pa\/crisolfm\/wp-content\/uploads\/sites\/2\/2024\/06\/IPHE-PEC-5.jpg\" width=\"600\" height=\"450\" alt=\"\" title=\"CREATOR: gd-jpeg v1.0 (using IJG JPEG v80), quality = 90\" aria-label=\"CREATOR: gd-jpeg v1.0 (using IJG JPEG v80), quality = 90\" class=\"img-responsive wp-image-62031\" srcset=\"https:\/\/sertv.gob.pa\/crisolfm\/wp-content\/uploads\/sites\/2\/2024\/06\/IPHE-PEC-5-200x150.jpg 200w, https:\/\/sertv.gob.pa\/crisolfm\/wp-content\/uploads\/sites\/2\/2024\/06\/IPHE-PEC-5-400x300.jpg 400w, https:\/\/sertv.gob.pa\/crisolfm\/wp-content\/uploads\/sites\/2\/2024\/06\/IPHE-PEC-5.jpg 600w\" sizes=\"(min-width: 2200px) 100vw, (min-width: 784px) 363px, (min-width: 712px) 545px, (min-width: 640px) 712px, \" \/><\/a><\/div><\/div><div class=\"clearfix\"><\/div><\/div><\/div><\/div><\/div><\/div><\/div>\n","protected":false},"excerpt":{"rendered":"","protected":false},"author":9,"featured_media":62027,"comment_status":"closed","ping_status":"closed","sticky":false,"template":"","format":"standard","meta":{"footnotes":""},"categories":[14],"tags":[],"class_list":["post-62026","post","type-post","status-publish","format-standard","has-post-thumbnail","hentry","category-salud"],"_links":{"self":[{"href":"https:\/\/sertv.gob.pa\/crisolfm\/wp-json\/wp\/v2\/posts\/62026","targetHints":{"allow":["GET"]}}],"collection":[{"href":"https:\/\/sertv.gob.pa\/crisolfm\/wp-json\/wp\/v2\/posts"}],"about":[{"href":"https:\/\/sertv.gob.pa\/crisolfm\/wp-json\/wp\/v2\/types\/post"}],"author":[{"embeddable":true,"href":"https:\/\/sertv.gob.pa\/crisolfm\/wp-json\/wp\/v2\/users\/9"}],"replies":[{"embeddable":true,"href":"https:\/\/sertv.gob.pa\/crisolfm\/wp-json\/wp\/v2\/comments?post=62026"}],"version-history":[{"count":1,"href":"https:\/\/sertv.gob.pa\/crisolfm\/wp-json\/wp\/v2\/posts\/62026\/revisions"}],"predecessor-version":[{"id":62032,"href":"https:\/\/sertv.gob.pa\/crisolfm\/wp-json\/wp\/v2\/posts\/62026\/revisions\/62032"}],"wp:featuredmedia":[{"embeddable":true,"href":"https:\/\/sertv.gob.pa\/crisolfm\/wp-json\/wp\/v2\/media\/62027"}],"wp:attachment":[{"href":"https:\/\/sertv.gob.pa\/crisolfm\/wp-json\/wp\/v2\/media?parent=62026"}],"wp:term":[{"taxonomy":"category","embeddable":true,"href":"https:\/\/sertv.gob.pa\/crisolfm\/wp-json\/wp\/v2\/categories?post=62026"},{"taxonomy":"post_tag","embeddable":true,"href":"https:\/\/sertv.gob.pa\/crisolfm\/wp-json\/wp\/v2\/tags?post=62026"}],"curies":[{"name":"wp","href":"https:\/\/api.w.org\/{rel}","templated":true}]}}