{"id":62117,"date":"2024-06-10T16:17:23","date_gmt":"2024-06-10T16:17:23","guid":{"rendered":"https:\/\/sertv.gob.pa\/crisolfm\/?p=62117"},"modified":"2024-06-10T16:17:23","modified_gmt":"2024-06-10T16:17:23","slug":"exponen-el-tema-sindrome-del-cuidador-a-familiares-de-pacientes-encamados","status":"publish","type":"post","link":"https:\/\/sertv.gob.pa\/crisolfm\/exponen-el-tema-sindrome-del-cuidador-a-familiares-de-pacientes-encamados\/","title":{"rendered":"Exponen el tema \u00abS\u00edndrome del cuidador\u00bb a familiares de pacientes encamados"},"content":{"rendered":"<div class=\"fusion-fullwidth fullwidth-box fusion-builder-row-1 fusion-flex-container has-pattern-background has-mask-background nonhundred-percent-fullwidth non-hundred-percent-height-scrolling\" style=\"--awb-border-radius-top-left:0px;--awb-border-radius-top-right:0px;--awb-border-radius-bottom-right:0px;--awb-border-radius-bottom-left:0px;--awb-flex-wrap:wrap;\" ><div class=\"fusion-builder-row fusion-row fusion-flex-align-items-flex-start fusion-flex-content-wrap\" style=\"max-width:1144px;margin-left: calc(-4% \/ 2 );margin-right: calc(-4% \/ 2 );\"><div class=\"fusion-layout-column fusion_builder_column fusion-builder-column-0 fusion_builder_column_1_1 1_1 fusion-flex-column\" style=\"--awb-bg-size:cover;--awb-width-large:100%;--awb-margin-top-large:0px;--awb-spacing-right-large:1.92%;--awb-margin-bottom-large:20px;--awb-spacing-left-large:1.92%;--awb-width-medium:100%;--awb-order-medium:0;--awb-spacing-right-medium:1.92%;--awb-spacing-left-medium:1.92%;--awb-width-small:100%;--awb-order-small:0;--awb-spacing-right-small:1.92%;--awb-spacing-left-small:1.92%;\"><div class=\"fusion-column-wrapper fusion-column-has-shadow fusion-flex-justify-content-flex-start fusion-content-layout-column\"><div class=\"fusion-text fusion-text-1\"><p><strong><em>Con la finalidad de mejorar la calidad de vida del familiar o cuidador de\u00a0 pacientes encamados inscritos en el Sistema de Atenci\u00f3n Domiciliaria Integral de la Policl\u00ednica \u00abPablo Espinosa Batista\u00bb, la fisioterapeuta Carla Acosta, de la Caja de Seguro Social en Bugaba, expuso el tema del \u00abS\u00edndrome del cuidador\u00bb.<\/em><\/strong><\/p>\n<p><strong><em>Entre los riesgos de sobrecarga al cuidador se destacan el deterioro f\u00edsico, mental y emocional. Tambi\u00e9n\u00a0 presentan problemas f\u00edsicos, como: dolor de espalda, musculoesquel\u00e9tico, lesiones de las extremidades y lesiones de las articulaciones, se\u00f1al\u00f3 la Lcda. Acosta.<\/em><\/strong><\/p>\n<p><strong><em>La fisioterapeuta, recomend\u00f3 fomentar el autocuidado; el cuidado del familiar debe ser compartido, mantenerse activo, hacer ejercicios, conocer al personal\u00a0 sanitario de referencia y poder contactar a profesionales de la salud, proporciona tranquilidad; adem\u00e1s, tener buena actitud, reconocer los signos de sobrecarga del cuidador y pedir valoraci\u00f3n m\u00e9dica.<\/em><\/strong><\/p>\n<p><strong><em>La docencia concluy\u00f3 con un video sobre posici\u00f3n de traslado del paciente, de la silla de ruedas a la cama, y de la cama a la silla de ruedas; cerrando con la frase \u201cCuid\u00e9monos para cuidarlos\u201d, dijo Acosta.<\/em><\/strong><\/p>\n<p><strong><em>\u00a0<\/em><\/strong><\/p>\n<p>Fuente: CSS<\/p>\n<p><strong><em>\u00a0<\/em><\/strong><\/p>\n<\/div><div class=\"awb-gallery-wrapper awb-gallery-wrapper-1 button-span-no\" style=\"--more-btn-alignment:center;\"><div style=\"margin:-5px;--awb-bordersize:0px;\" class=\"fusion-gallery fusion-gallery-container fusion-grid-3 fusion-columns-total-1 fusion-gallery-layout-grid fusion-gallery-1\"><div style=\"padding:5px;\" class=\"fusion-grid-column fusion-gallery-column fusion-gallery-column-3 hover-type-none\"><div class=\"fusion-gallery-image\"><a href=\"https:\/\/sertv.gob.pa\/crisolfm\/wp-content\/uploads\/sites\/2\/2024\/06\/CHARLA-SINDROME-DEL-CUIDADOR-1.jpg\" rel=\"noreferrer\" data-rel=\"iLightbox[gallery_image_1]\" class=\"fusion-lightbox\" target=\"_self\"><img decoding=\"async\" src=\"https:\/\/sertv.gob.pa\/crisolfm\/wp-content\/uploads\/sites\/2\/2024\/06\/CHARLA-SINDROME-DEL-CUIDADOR-1.jpg\" width=\"695\" height=\"646\" alt=\"\" title=\"smart\" aria-label=\"smart\" class=\"img-responsive wp-image-62119\" srcset=\"https:\/\/sertv.gob.pa\/crisolfm\/wp-content\/uploads\/sites\/2\/2024\/06\/CHARLA-SINDROME-DEL-CUIDADOR-1-200x186.jpg 200w, https:\/\/sertv.gob.pa\/crisolfm\/wp-content\/uploads\/sites\/2\/2024\/06\/CHARLA-SINDROME-DEL-CUIDADOR-1-400x372.jpg 400w, https:\/\/sertv.gob.pa\/crisolfm\/wp-content\/uploads\/sites\/2\/2024\/06\/CHARLA-SINDROME-DEL-CUIDADOR-1-600x558.jpg 600w, https:\/\/sertv.gob.pa\/crisolfm\/wp-content\/uploads\/sites\/2\/2024\/06\/CHARLA-SINDROME-DEL-CUIDADOR-1.jpg 695w\" sizes=\"(min-width: 2200px) 100vw, (min-width: 784px) 363px, (min-width: 712px) 545px, (min-width: 640px) 712px, \" \/><\/a><\/div><\/div><\/div><\/div><\/div><\/div><\/div><\/div>\n","protected":false},"excerpt":{"rendered":"","protected":false},"author":9,"featured_media":62118,"comment_status":"closed","ping_status":"closed","sticky":false,"template":"","format":"standard","meta":{"footnotes":""},"categories":[14],"tags":[],"class_list":["post-62117","post","type-post","status-publish","format-standard","has-post-thumbnail","hentry","category-salud"],"_links":{"self":[{"href":"https:\/\/sertv.gob.pa\/crisolfm\/wp-json\/wp\/v2\/posts\/62117","targetHints":{"allow":["GET"]}}],"collection":[{"href":"https:\/\/sertv.gob.pa\/crisolfm\/wp-json\/wp\/v2\/posts"}],"about":[{"href":"https:\/\/sertv.gob.pa\/crisolfm\/wp-json\/wp\/v2\/types\/post"}],"author":[{"embeddable":true,"href":"https:\/\/sertv.gob.pa\/crisolfm\/wp-json\/wp\/v2\/users\/9"}],"replies":[{"embeddable":true,"href":"https:\/\/sertv.gob.pa\/crisolfm\/wp-json\/wp\/v2\/comments?post=62117"}],"version-history":[{"count":1,"href":"https:\/\/sertv.gob.pa\/crisolfm\/wp-json\/wp\/v2\/posts\/62117\/revisions"}],"predecessor-version":[{"id":62120,"href":"https:\/\/sertv.gob.pa\/crisolfm\/wp-json\/wp\/v2\/posts\/62117\/revisions\/62120"}],"wp:featuredmedia":[{"embeddable":true,"href":"https:\/\/sertv.gob.pa\/crisolfm\/wp-json\/wp\/v2\/media\/62118"}],"wp:attachment":[{"href":"https:\/\/sertv.gob.pa\/crisolfm\/wp-json\/wp\/v2\/media?parent=62117"}],"wp:term":[{"taxonomy":"category","embeddable":true,"href":"https:\/\/sertv.gob.pa\/crisolfm\/wp-json\/wp\/v2\/categories?post=62117"},{"taxonomy":"post_tag","embeddable":true,"href":"https:\/\/sertv.gob.pa\/crisolfm\/wp-json\/wp\/v2\/tags?post=62117"}],"curies":[{"name":"wp","href":"https:\/\/api.w.org\/{rel}","templated":true}]}}